{"id":13823,"date":"2021-05-03T09:45:19","date_gmt":"2021-05-03T12:45:19","guid":{"rendered":"https:\/\/tvc16.com\/portal\/?p=13823"},"modified":"2021-05-03T09:45:21","modified_gmt":"2021-05-03T12:45:21","slug":"ubs-do-independencia-tem-horario-de-agendamentos-alterado-hoje","status":"publish","type":"post","link":"https:\/\/tvc16.com\/portal\/2021\/05\/03\/ubs-do-independencia-tem-horario-de-agendamentos-alterado-hoje\/","title":{"rendered":"UBS do Independ\u00eancia tem hor\u00e1rio de agendamentos alterado hoje"},"content":{"rendered":"\n<p>A partir de hoje (03), o agendamento quinzenal de consultas na Unidade B\u00e1sica de Sa\u00fade (UBS), do Independ\u00eancia, passar\u00e1 a ser realizado no turno da tarde, \u00e0s 13h. A decis\u00e3o foi anunciada na \u00faltima quinta-feira (30), durante uma reuni\u00e3o entre representantes da Secretaria de Sa\u00fade e Coordenadoria de Rela\u00e7\u00f5es Institucionais da Prefeitura, com moradores e lideran\u00e7as comunit\u00e1rias do bairro.<\/p>\n\n\n\n<p>\u201cNosso objetivo \u00e9 facilitar o acesso das pessoas que precisam de assist\u00eancia. S\u00e3o medidas simples, que melhoram muito a qualidade de atendimento dos pacientes\u201d, frisa a coordenadora de Rela\u00e7\u00f5es Institucionais da Prefeitura, Fernanda Ferreira.<\/p>\n\n\n\n<p>As mudan\u00e7as agradaram as lideran\u00e7as comunit\u00e1rias do bairro, como Simone Iz\u00eddio. \u201c\u00c9 motivo para comemorarmos, pois as pessoas estavam saindo de casa de madrugada para garantir um agendamento. Agora, esse sofrimento n\u00e3o ser\u00e1 mais necess\u00e1rio\u201d, diz a l\u00edder comunit\u00e1ria. Outro que festejou a medida foi o presidente da Associa\u00e7\u00e3o de Moradores, Marcelino Fernandes. \u201cA comunidade foi ouvida e esta \u00e9, sem d\u00favida, uma grande vit\u00f3ria\u201d, frisa.<\/p>\n\n\n\n<p>Na reuni\u00e3o, participaram ainda equipe da Unidade B\u00e1sica de Sa\u00fade, Carlos Henrique, agente regional da comunidade, Departamento de Sa\u00fade Bucal e Superintend\u00eancia de Aten\u00e7\u00e3o \u00e0 Sa\u00fade.<\/p>\n","protected":false},"excerpt":{"rendered":"<p>A partir de hoje (03), o agendamento quinzenal de consultas na Unidade B\u00e1sica de Sa\u00fade<\/p>\n","protected":false},"author":2,"featured_media":13824,"comment_status":"open","ping_status":"open","sticky":false,"template":"","format":"standard","meta":{"footnotes":""},"categories":[12],"tags":[],"class_list":["post-13823","post","type-post","status-publish","format-standard","has-post-thumbnail","hentry","category-cidade"],"_links":{"self":[{"href":"https:\/\/tvc16.com\/portal\/wp-json\/wp\/v2\/posts\/13823","targetHints":{"allow":["GET"]}}],"collection":[{"href":"https:\/\/tvc16.com\/portal\/wp-json\/wp\/v2\/posts"}],"about":[{"href":"https:\/\/tvc16.com\/portal\/wp-json\/wp\/v2\/types\/post"}],"author":[{"embeddable":true,"href":"https:\/\/tvc16.com\/portal\/wp-json\/wp\/v2\/users\/2"}],"replies":[{"embeddable":true,"href":"https:\/\/tvc16.com\/portal\/wp-json\/wp\/v2\/comments?post=13823"}],"version-history":[{"count":1,"href":"https:\/\/tvc16.com\/portal\/wp-json\/wp\/v2\/posts\/13823\/revisions"}],"predecessor-version":[{"id":13825,"href":"https:\/\/tvc16.com\/portal\/wp-json\/wp\/v2\/posts\/13823\/revisions\/13825"}],"wp:featuredmedia":[{"embeddable":true,"href":"https:\/\/tvc16.com\/portal\/wp-json\/wp\/v2\/media\/13824"}],"wp:attachment":[{"href":"https:\/\/tvc16.com\/portal\/wp-json\/wp\/v2\/media?parent=13823"}],"wp:term":[{"taxonomy":"category","embeddable":true,"href":"https:\/\/tvc16.com\/portal\/wp-json\/wp\/v2\/categories?post=13823"},{"taxonomy":"post_tag","embeddable":true,"href":"https:\/\/tvc16.com\/portal\/wp-json\/wp\/v2\/tags?post=13823"}],"curies":[{"name":"wp","href":"https:\/\/api.w.org\/{rel}","templated":true}]}}