{"id":13826,"date":"2021-05-03T09:53:03","date_gmt":"2021-05-03T12:53:03","guid":{"rendered":"https:\/\/tvc16.com\/portal\/?p=13826"},"modified":"2021-05-03T09:53:05","modified_gmt":"2021-05-03T12:53:05","slug":"fim-de-semana-e-marcado-pela-reabertura-de-parques-municipais","status":"publish","type":"post","link":"https:\/\/tvc16.com\/portal\/2021\/05\/03\/fim-de-semana-e-marcado-pela-reabertura-de-parques-municipais\/","title":{"rendered":"Fim de semana \u00e9 marcado pela reabertura de parques municipais"},"content":{"rendered":"\n<p>A Prefeitura reabriu neste s\u00e1bado, dia 1\u00ba de maio, os parques municipais. Ficaram liberados \u00e0 visita\u00e7\u00e3o p\u00fablica o Parque Municipal Prefeito Paulo Rattes, em Itaipava, o Parque Cremerie e o Parque Natural Municipal Padre Quinha, na Avenida Ipiranga. O Parque Nacional da Serra dos \u00d3rg\u00e3os (Parnaso), que \u00e9 gerido pelo Instituto Chico Mendes de Conserva\u00e7\u00e3o da Biodiversidade (ICMBio), \u00f3rg\u00e3o federal, j\u00e1 estava aberto desde a \u00faltima semana.<\/p>\n\n\n\n<p>A aberturas dos parques p\u00fablicos e privados havia sido facultada por meio do decreto 074\/2021, publicado na segunda-feira (19\/4). Entretanto, o governo anunciou que os parques, os atrativos e os centros culturais administrados pelo poder p\u00fablico permaneceriam fechados, buscando preservar a capacidade de atendimento do servi\u00e7o de sa\u00fade no munic\u00edpio.<\/p>\n\n\n\n<p>Mesmo com a aberturas dos espa\u00e7os, a Prefeitura alerta para a obedi\u00eancia as normas sanit\u00e1rias, com a restri\u00e7\u00e3o de circula\u00e7\u00e3o de pessoas sem o uso de m\u00e1scaras, o distanciamento necess\u00e1rio de 1,5 metro entre elas, al\u00e9m da veda\u00e7\u00e3o a qualquer tipo de aglomera\u00e7\u00e3o.<\/p>\n\n\n\n<p>O secret\u00e1rio de Turismo, Samir El Ghaoui, disse que o segmento comemorou o avan\u00e7o das flexibiliza\u00e7\u00f5es, que v\u00e3o ajudam a fortalecer o setor economicamente, e garante que todos est\u00e3o cientes da necessidade de manuten\u00e7\u00e3o dos protocolos sanit\u00e1rios. \u201cPrecisamos seguir em frente com seguran\u00e7a\u201d, afirmou.<\/p>\n\n\n\n<p>Hor\u00e1rios dos parques e endere\u00e7os<\/p>\n\n\n\n<p>Parque Natural Municipal Padre Quinha &#8211; Aberto de ter\u00e7a a domingo e feriados, das 8h30 \u00e0s 17h30. Avenida Ipiranga 853, Centro.<\/p>\n\n\n\n<p>Parque Municipal Prefeito Paulo Rattes (Itaipava) &#8211; Aberto de quarta a domingo e feriados, das 7h \u00e0s 18h. Estrada Uni\u00e3o e Ind\u00fastria 10.000, Itaipava.<\/p>\n\n\n\n<p>Parque Cr\u00e9merie \u2013 Rua Luis de Cam\u00f5es s\/n\u00ba, Independ\u00eancia \u2013 Aberto de ter\u00e7a a domingo, das 8h \u00e0s 16h30.<\/p>\n","protected":false},"excerpt":{"rendered":"<p>A Prefeitura reabriu neste s\u00e1bado, dia 1\u00ba de maio, os parques municipais. Ficaram liberados \u00e0<\/p>\n","protected":false},"author":2,"featured_media":13827,"comment_status":"open","ping_status":"open","sticky":false,"template":"","format":"standard","meta":{"footnotes":""},"categories":[12],"tags":[],"class_list":["post-13826","post","type-post","status-publish","format-standard","has-post-thumbnail","hentry","category-cidade"],"_links":{"self":[{"href":"https:\/\/tvc16.com\/portal\/wp-json\/wp\/v2\/posts\/13826","targetHints":{"allow":["GET"]}}],"collection":[{"href":"https:\/\/tvc16.com\/portal\/wp-json\/wp\/v2\/posts"}],"about":[{"href":"https:\/\/tvc16.com\/portal\/wp-json\/wp\/v2\/types\/post"}],"author":[{"embeddable":true,"href":"https:\/\/tvc16.com\/portal\/wp-json\/wp\/v2\/users\/2"}],"replies":[{"embeddable":true,"href":"https:\/\/tvc16.com\/portal\/wp-json\/wp\/v2\/comments?post=13826"}],"version-history":[{"count":1,"href":"https:\/\/tvc16.com\/portal\/wp-json\/wp\/v2\/posts\/13826\/revisions"}],"predecessor-version":[{"id":13828,"href":"https:\/\/tvc16.com\/portal\/wp-json\/wp\/v2\/posts\/13826\/revisions\/13828"}],"wp:featuredmedia":[{"embeddable":true,"href":"https:\/\/tvc16.com\/portal\/wp-json\/wp\/v2\/media\/13827"}],"wp:attachment":[{"href":"https:\/\/tvc16.com\/portal\/wp-json\/wp\/v2\/media?parent=13826"}],"wp:term":[{"taxonomy":"category","embeddable":true,"href":"https:\/\/tvc16.com\/portal\/wp-json\/wp\/v2\/categories?post=13826"},{"taxonomy":"post_tag","embeddable":true,"href":"https:\/\/tvc16.com\/portal\/wp-json\/wp\/v2\/tags?post=13826"}],"curies":[{"name":"wp","href":"https:\/\/api.w.org\/{rel}","templated":true}]}}