{"id":13829,"date":"2021-05-03T09:56:35","date_gmt":"2021-05-03T12:56:35","guid":{"rendered":"https:\/\/tvc16.com\/portal\/?p=13829"},"modified":"2021-05-03T09:56:37","modified_gmt":"2021-05-03T12:56:37","slug":"petropolis-da-paz-participa-de-exposicao-internacional-sobre-resolucao-de-conflitos-online","status":"publish","type":"post","link":"https:\/\/tvc16.com\/portal\/2021\/05\/03\/petropolis-da-paz-participa-de-exposicao-internacional-sobre-resolucao-de-conflitos-online\/","title":{"rendered":"Petr\u00f3polis da Paz participa de exposi\u00e7\u00e3o internacional sobre resolu\u00e7\u00e3o de conflitos online"},"content":{"rendered":"\n<p>Foto: Visite Petr\u00f3polis <\/p>\n\n\n\n<p>O Programa Petr\u00f3polis da Paz, participou nesta semana da \u201cODR Expo Tech &#8211; Resoluci\u00f3n de Conflictos 5.0\u201d, uma exposi\u00e7\u00e3o global sobre resolu\u00e7\u00e3o de conflitos online. Com o tema \u201cuma experi\u00eancia sensorial \u2013 emotiva\u201d, os workshops realizados no evento s\u00e3o destinados a uma vis\u00e3o futur\u00edstica e revolucion\u00e1ria das pr\u00e1ticas de concilia\u00e7\u00e3o em plataformas online. O convite para exposi\u00e7\u00e3o foi realizado devido ao trabalho do programa na resolu\u00e7\u00e3o de conflitos em Petr\u00f3polis.<\/p>\n\n\n\n<p>A exposi\u00e7\u00e3o que ocorreu nos dias 26 a 30 de abril, reuniu mais de 50 palestrantes de cinco continentes, com tradu\u00e7\u00e3o para espanhol, ingl\u00eas e portugu\u00eas. Al\u00e9m disso, o evento contou com workshops interativos, demonstra\u00e7\u00f5es de tecnologias de ponta para media\u00e7\u00e3o online, apresenta\u00e7\u00f5es de livros e blogs de reda\u00e7\u00e3o de competi\u00e7\u00e3o e media\u00e7\u00e3o.<\/p>\n\n\n\n<p>Para a coordenadora do Programa Municipal de Pacifica\u00e7\u00e3o Restaurativa Petr\u00f3polis da Paz, Elsie-Elen Carvalho, o convite foi uma forma de reconhecimento do trabalho realizado pelo programa em Petr\u00f3polis: \u201cFoi de imensa alegria recebermos esse convite. O Petr\u00f3polis da Paz \u00e9 um programa executado dentro do Poder Executivo, e que trabalha de forma online. Os organizadores precisavam de um caso pr\u00e1tico dessa atua\u00e7\u00e3o, e fomos escolhidos para fazer parte da exposi\u00e7\u00e3o\u201d.<\/p>\n\n\n\n<p>O Programa Municipal de Pacifica\u00e7\u00e3o Restaurativa Petr\u00f3polis da Paz come\u00e7ou em 2017 com a finalidade de buscar solu\u00e7\u00f5es para os conflitos apresentados e as mudan\u00e7as na busca da inclus\u00e3o e paz social de toda a comunidade. Atualmente o servi\u00e7o \u00e9 uma refer\u00eancia no Brasil.<\/p>\n\n\n\n<p>O Petr\u00f3polis da Paz possui tr\u00eas projetos: Media\u00e7\u00e3o Escolar, Media\u00e7\u00e3o Comunit\u00e1ria e Justi\u00e7a Restaurativa. O programa tem parceria com todas as secretarias municipais, al\u00e9m do Tribunal de Justi\u00e7a, Delegacias de Petr\u00f3polis, Conselho Estadual e Municipal de Seguran\u00e7a P\u00fablica, Procon, Conselho Tutelar e Universidades. Neste per\u00edodo de pandemia, o servi\u00e7o continua funcionado. As pessoas podem entrar em contato pelo WhatsApp, atrav\u00e9s do n\u00famero: 24 98858-4891.<\/p>\n","protected":false},"excerpt":{"rendered":"<p>Foto: Visite Petr\u00f3polis O Programa Petr\u00f3polis da Paz, participou nesta semana da \u201cODR Expo Tech<\/p>\n","protected":false},"author":2,"featured_media":13830,"comment_status":"open","ping_status":"open","sticky":false,"template":"","format":"standard","meta":{"footnotes":""},"categories":[12],"tags":[],"class_list":["post-13829","post","type-post","status-publish","format-standard","has-post-thumbnail","hentry","category-cidade"],"_links":{"self":[{"href":"https:\/\/tvc16.com\/portal\/wp-json\/wp\/v2\/posts\/13829","targetHints":{"allow":["GET"]}}],"collection":[{"href":"https:\/\/tvc16.com\/portal\/wp-json\/wp\/v2\/posts"}],"about":[{"href":"https:\/\/tvc16.com\/portal\/wp-json\/wp\/v2\/types\/post"}],"author":[{"embeddable":true,"href":"https:\/\/tvc16.com\/portal\/wp-json\/wp\/v2\/users\/2"}],"replies":[{"embeddable":true,"href":"https:\/\/tvc16.com\/portal\/wp-json\/wp\/v2\/comments?post=13829"}],"version-history":[{"count":1,"href":"https:\/\/tvc16.com\/portal\/wp-json\/wp\/v2\/posts\/13829\/revisions"}],"predecessor-version":[{"id":13831,"href":"https:\/\/tvc16.com\/portal\/wp-json\/wp\/v2\/posts\/13829\/revisions\/13831"}],"wp:featuredmedia":[{"embeddable":true,"href":"https:\/\/tvc16.com\/portal\/wp-json\/wp\/v2\/media\/13830"}],"wp:attachment":[{"href":"https:\/\/tvc16.com\/portal\/wp-json\/wp\/v2\/media?parent=13829"}],"wp:term":[{"taxonomy":"category","embeddable":true,"href":"https:\/\/tvc16.com\/portal\/wp-json\/wp\/v2\/categories?post=13829"},{"taxonomy":"post_tag","embeddable":true,"href":"https:\/\/tvc16.com\/portal\/wp-json\/wp\/v2\/tags?post=13829"}],"curies":[{"name":"wp","href":"https:\/\/api.w.org\/{rel}","templated":true}]}}