{"id":13835,"date":"2021-05-03T10:20:47","date_gmt":"2021-05-03T13:20:47","guid":{"rendered":"https:\/\/tvc16.com\/portal\/?p=13835"},"modified":"2021-05-03T10:20:49","modified_gmt":"2021-05-03T13:20:49","slug":"comissao-europeia-propoe-reabrir-fronteiras-a-estrangeiros-vacinados","status":"publish","type":"post","link":"https:\/\/tvc16.com\/portal\/2021\/05\/03\/comissao-europeia-propoe-reabrir-fronteiras-a-estrangeiros-vacinados\/","title":{"rendered":"Comiss\u00e3o Europeia prop\u00f5e reabrir fronteiras a estrangeiros vacinados"},"content":{"rendered":"\n<h3 class=\"wp-block-heading\">Proposta deve ser discutida na pr\u00f3xima quarta-feira<\/h3>\n\n\n\n<h4 class=\"wp-block-heading\">Por Ag\u00eancia Brasil* &#8211; Bras\u00edlia<\/h4>\n\n\n\n<p>A Comiss\u00e3o Europeia prop\u00f4s hoje (3) aos Estados-membros uma flexibiliza\u00e7\u00e3o das atuais restri\u00e7\u00f5es \u00e0s viagens n\u00e3o essenciais para a Uni\u00e3o Europeia, sugerindo especialmente que seja permitida a entrada a cidad\u00e3os de outros pa\u00edses j\u00e1 vacinados contra a covid-19.<img decoding=\"async\" src=\"https:\/\/agenciabrasil.ebc.com.br\/ebc.png?id=1408485&amp;o=node\"><img decoding=\"async\" src=\"https:\/\/agenciabrasil.ebc.com.br\/ebc.gif?id=1408485&amp;o=node\"><\/p>\n\n\n\n<p>Tendo em conta &#8220;o progresso das campanhas de vacina\u00e7\u00e3o e a evolu\u00e7\u00e3o da situa\u00e7\u00e3o epidemiol\u00f3gica em&nbsp;n\u00edvel mundial&#8221;, a comiss\u00e3o&nbsp;prop\u00f5e aos 27 Estados que reabram as fronteiras&nbsp;&#8220;a todas as pessoas provenientes de pa\u00edses com boa situa\u00e7\u00e3o epidemiol\u00f3gica, mas tamb\u00e9m aos que tenham recebido a \u00faltima dose recomendada de uma vacina autorizada pela UE&#8221;.<\/p>\n\n\n\n<p>Bruxelas admite alargar esse &#8220;corredor&#8221;&nbsp;aos cidad\u00e3os de outros pa\u00edses que j\u00e1 tenham recebido as doses recomendadas de vacinas. Esses pa\u00edses devem&nbsp;ter&nbsp;conclu\u00eddo o processo de aprova\u00e7\u00e3o emergencial da Organiza\u00e7\u00e3o Mundial da Sa\u00fade (OMS).<\/p>\n\n\n\n<p>Em comunicado, a&nbsp;comiss\u00e3o defende que, &#8220;at\u00e9 que o Certificado Verde Digital esteja em opera\u00e7\u00e3o, os Estados-membros devem aceitar certificados de pa\u00edses com base na legisla\u00e7\u00e3o nacional, levando&nbsp;em conta a capacidade de verificar a autenticidade, validade e integridade do documento, e se ele&nbsp;cont\u00e9m todos os dados relevantes&#8221;.<\/p>\n\n\n\n<p>&#8220;Os Estados-membros poder\u00e3o considerar a cria\u00e7\u00e3o de um portal que permita aos viajantes solicitar o reconhecimento de um certificado de vacina\u00e7\u00e3o emitido por um pa\u00eds, como prova confi\u00e1vel de vacina\u00e7\u00e3o e\/ou para a emiss\u00e3o de um Certificado Verde Digital&#8221;, sugere.<\/p>\n\n\n\n<p>Al\u00e9m disso, a comiss\u00e3o prop\u00f5e aumentar, de acordo com a evolu\u00e7\u00e3o da situa\u00e7\u00e3o epidemiol\u00f3gica na UE, o valor m\u00e1ximo de refer\u00eancia de novos casos de covid-19, utilizado para determinar uma lista de pa\u00edses a partir dos quais todas as viagens devem ser permitidas. Isso&nbsp;&#8220;dever\u00e1 permitir ao conselho ampliar&nbsp;essa lista&#8221;, atualmente composta apenas por sete pa\u00edses.<\/p>\n\n\n\n<p>Bruxelas admite que o surgimento de variantes &#8220;preocupantes&#8221; do novo coronav\u00edrus exige vigil\u00e2ncia cont\u00ednua e em contrapartida, prop\u00f5e um novo mecanismo de fechamento&nbsp;de emerg\u00eancia, a ser coordenado pela&nbsp;UE, que limitaria o risco de tais variantes entrarem na regi\u00e3o.<\/p>\n\n\n\n<p>&#8220;Isso&nbsp;permitir\u00e1 aos Estados-membros agir rapidamente e limitar temporariamente a um m\u00ednimo todas as viagens a partir dos pa\u00edses afetados, durante o tempo necess\u00e1rio para p\u00f4r em pr\u00e1tica medidas sanit\u00e1rias adequadas&#8221;, sustenta a Comiss\u00e3o Europeia.<\/p>\n\n\n\n<p>Essa proposta dever\u00e1 ser analisada pelos Estados-membros na pr\u00f3xima quarta-feira (5), em uma reuni\u00e3o dos embaixadores dos 27 integrantes da UE, atualmente sob presid\u00eancia portuguesa.<\/p>\n\n\n\n<p><em>* Com informa\u00e7\u00f5es da RTP &#8211; R\u00e1dio e Televis\u00e3o de Portugal<\/em><\/p>\n\n\n\n<p>Edi\u00e7\u00e3o: Gra\u00e7a Adjuto<\/p>\n","protected":false},"excerpt":{"rendered":"<p>Proposta deve ser discutida na pr\u00f3xima quarta-feira Por Ag\u00eancia Brasil* &#8211; Bras\u00edlia A Comiss\u00e3o Europeia<\/p>\n","protected":false},"author":2,"featured_media":13836,"comment_status":"open","ping_status":"open","sticky":false,"template":"","format":"standard","meta":{"footnotes":""},"categories":[17],"tags":[],"class_list":["post-13835","post","type-post","status-publish","format-standard","has-post-thumbnail","hentry","category-outras-noticias"],"_links":{"self":[{"href":"https:\/\/tvc16.com\/portal\/wp-json\/wp\/v2\/posts\/13835","targetHints":{"allow":["GET"]}}],"collection":[{"href":"https:\/\/tvc16.com\/portal\/wp-json\/wp\/v2\/posts"}],"about":[{"href":"https:\/\/tvc16.com\/portal\/wp-json\/wp\/v2\/types\/post"}],"author":[{"embeddable":true,"href":"https:\/\/tvc16.com\/portal\/wp-json\/wp\/v2\/users\/2"}],"replies":[{"embeddable":true,"href":"https:\/\/tvc16.com\/portal\/wp-json\/wp\/v2\/comments?post=13835"}],"version-history":[{"count":1,"href":"https:\/\/tvc16.com\/portal\/wp-json\/wp\/v2\/posts\/13835\/revisions"}],"predecessor-version":[{"id":13837,"href":"https:\/\/tvc16.com\/portal\/wp-json\/wp\/v2\/posts\/13835\/revisions\/13837"}],"wp:featuredmedia":[{"embeddable":true,"href":"https:\/\/tvc16.com\/portal\/wp-json\/wp\/v2\/media\/13836"}],"wp:attachment":[{"href":"https:\/\/tvc16.com\/portal\/wp-json\/wp\/v2\/media?parent=13835"}],"wp:term":[{"taxonomy":"category","embeddable":true,"href":"https:\/\/tvc16.com\/portal\/wp-json\/wp\/v2\/categories?post=13835"},{"taxonomy":"post_tag","embeddable":true,"href":"https:\/\/tvc16.com\/portal\/wp-json\/wp\/v2\/tags?post=13835"}],"curies":[{"name":"wp","href":"https:\/\/api.w.org\/{rel}","templated":true}]}}