{"id":13838,"date":"2021-05-03T10:21:42","date_gmt":"2021-05-03T13:21:42","guid":{"rendered":"https:\/\/tvc16.com\/portal\/?p=13838"},"modified":"2021-05-03T10:21:44","modified_gmt":"2021-05-03T13:21:44","slug":"onu-celebra-dia-mundial-de-higienizacao-das-maos","status":"publish","type":"post","link":"https:\/\/tvc16.com\/portal\/2021\/05\/03\/onu-celebra-dia-mundial-de-higienizacao-das-maos\/","title":{"rendered":"ONU celebra Dia Mundial de Higieniza\u00e7\u00e3o das M\u00e3os"},"content":{"rendered":"\n<h3 class=\"wp-block-heading\">Pr\u00e1tica \u00e9 considerada uma das mais eficazes para combater pandemia<\/h3>\n\n\n\n<h4 class=\"wp-block-heading\">Por Alana Gandra &#8211; Rep\u00f3rter da Ag\u00eancia Brasil &#8211; Rio de Janeiro<\/h4>\n\n\n\n<p>Embora a higieniza\u00e7\u00e3o das m\u00e3os tenha ganhado a aten\u00e7\u00e3o das popula\u00e7\u00f5es em todo o mundo com a pandemia de covid-19, essa atitude b\u00e1sica de higiene j\u00e1 era h\u00e1 muito tempo incentivada pela Organiza\u00e7\u00e3o Mundial da Sa\u00fade (OMS), que instituiu 5 de maio&nbsp;como o Dia Mundial de Higieniza\u00e7\u00e3o das M\u00e3os. A medida \u00e9 considerada uma das mais eficazes para combater a doen\u00e7a.<img decoding=\"async\" src=\"https:\/\/agenciabrasil.ebc.com.br\/ebc.png?id=1408480&amp;o=node\"><img decoding=\"async\" src=\"https:\/\/agenciabrasil.ebc.com.br\/ebc.gif?id=1408480&amp;o=node\"><\/p>\n\n\n\n<p>A higieniza\u00e7\u00e3o das m\u00e3os ganhou for\u00e7a com a campanha divulgada pela m\u00eddia de que essa era uma das medidas para prevenir a covid-19. S\u00f3 que a pr\u00e1tica&nbsp;j\u00e1 era uma medida eficaz para v\u00e1rias outras doen\u00e7as, dentro ou fora do hospital\u201d, disse, em entrevista \u00e0&nbsp;<strong>Ag\u00eancia Brasil,<\/strong>&nbsp;a enfermeira Daniele Mo\u00e7o, da Comiss\u00e3o de Controle de Infec\u00e7\u00e3o Hospitalar (CCIH) do Complexo Hospitalar de Niter\u00f3i (CHN).<\/p>\n\n\n\n<p>Dentro do ambiente hospitalar, a comiss\u00e3o j\u00e1 fazia v\u00e1rias campanhas para a preven\u00e7\u00e3o de infec\u00e7\u00f5es relacionadas \u00e0 assist\u00eancia \u00e0 sa\u00fade, ensinando os profissionais a higienizar as m\u00e3os. \u201cA gente fazia estudos e via que a ades\u00e3o dos profissionais \u00e0 higieniza\u00e7\u00e3o das m\u00e3os era baixa\u201d, afirmou Daniele.<\/p>\n\n\n\n<h2 class=\"wp-block-heading\">Import\u00e2ncia mundial<\/h2>\n\n\n\n<p>Na \u00e9poca do v\u00edrus H1N1, a higieniza\u00e7\u00e3o ganhou for\u00e7a porque foi divulgado que ele era transmitido por contato e got\u00edcula, \u201cigualzinho \u00e0 covid-19\u201d, comentou. A enfermeira do CHN de Niter\u00f3i relatou que depois que as campanhas param, os cuidados diminuem, tanto por parte dos profissionais de sa\u00fade quanto da popula\u00e7\u00e3o.<\/p>\n\n\n\n<p>Neste momento de pandemia, a higieniza\u00e7\u00e3o das m\u00e3os ganhou import\u00e2ncia mundial. Por isso, a OMS vai dedicar a semana de 3 a&nbsp;7 de maio&nbsp;\u00e0 campanha para incentivar esse procedimento. \u201cO que n\u00f3s orientamos \u00e9 que a pessoa entenda que n\u00e3o basta s\u00f3 passar o \u00e1lcool na m\u00e3o. Existe uma t\u00e9cnica para higienizar as m\u00e3os com \u00e1lcool gel e \u00e1gua e sab\u00e3o. Passar s\u00f3 o \u00e1lcool na m\u00e3o n\u00e3o \u00e9 o suficiente. A pessoa tem que friccionar nos movimentos corretos indicados pela OMS\u201d, disse Daniele Mo\u00e7o.<\/p>\n\n\n\n<p>No ambiente hospitalar, h\u00e1&nbsp;cinco oportunidades para a higieniza\u00e7\u00e3o das m\u00e3os recomendadas pela OMS: antes de tocar o paciente; antes de fazer qualquer t\u00e9cnica ass\u00e9ptica no paciente; ap\u00f3s o risco de exposi\u00e7\u00e3o a fluidos corporais ou excre\u00e7\u00f5es; ap\u00f3s tocar o paciente; e ap\u00f3s tocar superf\u00edcies pr\u00f3ximas ao paciente. \u201cQualquer coisa no quarto do paciente tem risco de transmitir doen\u00e7a para ele ou para outros pacientes\u201d, alertou Daniele. Essas pr\u00e1ticas protegem o paciente, o profissional e a&nbsp;pr\u00f3ximo pessoa&nbsp;que ele for atender.<\/p>\n\n\n\n<h2 class=\"wp-block-heading\">Bact\u00e9rias<\/h2>\n\n\n\n<p>Daniele refor\u00e7ou que no hospital h\u00e1 v\u00e1rias bact\u00e9rias multirresistentes. \u201cSe voc\u00ea atender um paciente, sair dali sem higienizar as m\u00e3os e for&nbsp;atender outro, voc\u00ea leva aquela bact\u00e9ria para ele. A gente chama de super bact\u00e9rias, porque s\u00e3o muito resistentes a v\u00e1rias classes de antibi\u00f3ticos\u201d. Caso o paciente seja infectado por uma delas, o antibi\u00f3tico comum n\u00e3o funciona. Tem que ser antibi\u00f3ticos de classe mais agressiva, afirmou Daniele. Por meio das m\u00e3os, pode-se transmitir in\u00fameros tipos de enfermidades, como conjuntivite, escabiose (sarna), herpes simples, gripe e resfriado, ressaltou.<\/p>\n\n\n\n<p>Ela advertiu ainda que tanto os profissionais de sa\u00fade t\u00eam que estar atentos a isso, quanto a popula\u00e7\u00e3o. \u201cPrincipalmente agora, no momento pand\u00eamico que estamos vivendo, a higieniza\u00e7\u00e3o das m\u00e3os \u00e9 a oportunidade mais preventiva que a gente tem contra a covid-19. Usar a m\u00e1scara e fazer a higieniza\u00e7\u00e3o das m\u00e3os em todas as oportunidades que a gente tiver\u201d.<\/p>\n\n\n\n<p>Fora do ambiente hospitalar, a pessoa deve higienizar as m\u00e3os antes e depois de tocar qualquer coisa. Al\u00e9m disso, a enfermeira alerta que levar \u00e0 boca algum alimento ou objeto contaminado tamb\u00e9m pode ser perigoso. \u201c\u00c9 importante n\u00e3o s\u00f3 higienizar as m\u00e3os, como tudo que elas tocam\u201d, lembrou.<\/p>\n\n\n\n<h2 class=\"wp-block-heading\">Na rua<\/h2>\n\n\n\n<figure class=\"wp-block-image\"><img decoding=\"async\" src=\"https:\/\/imagens.ebc.com.br\/UAI89q4mTPo6VEFVw8y4NmijkNs=\/754x0\/smart\/https:\/\/agenciabrasil.ebc.com.br\/sites\/default\/files\/thumbnails\/image\/alcool_em_gel_280220_numero_de_serie_de_4_digitos.jpg?itok=8UoQBKs1\" alt=\"\u00c1lcool gel\" title=\"Marcello Casal JrAg\u00eancia Brasil\"\/><\/figure>\n\n\n\n<p>\u00c1lcool gel &#8211;&nbsp;<strong>Marcello Casal JrAg\u00eancia Brasil<\/strong><\/p>\n\n\n\n<p>Segundo a enfermeira, o \u00e1lcool gel facilitou a vida das pessoas que est\u00e3o na rua e nos transportes p\u00fablicos, como o metr\u00f4, por exemplo, porque \u00e9 o m\u00e9todo mais f\u00e1cil para se prevenir da covid-19. O procedimento correto de aplica\u00e7\u00e3o do \u00e1lcool gel leva de 20 a 30 segundos, at\u00e9 o \u00e1lcool secar. J\u00e1 a t\u00e9cnica de higieniza\u00e7\u00e3o das m\u00e3os com \u00e1gua e sab\u00e3o leva de 40 a 60 segundos. \u201cPor isso, o \u00e1lcool gel ganhou tanta for\u00e7a. \u00c9 mais f\u00e1cil para prevenir\u201d.<\/p>\n\n\n\n<p>No CHN, a Comiss\u00e3o de Controle de Infec\u00e7\u00e3o Hospitalar vai promover campanha de desinfec\u00e7\u00e3o durante a pr\u00f3xima semana, ensinando ao grupo de profissionais a import\u00e2ncia da higieniza\u00e7\u00e3o das m\u00e3os com \u00e1lcool gel e com \u00e1gua e sabonete.<\/p>\n\n\n\n<p>Edi\u00e7\u00e3o: Gra\u00e7a Adjuto<\/p>\n","protected":false},"excerpt":{"rendered":"<p>Pr\u00e1tica \u00e9 considerada uma das mais eficazes para combater pandemia Por Alana Gandra &#8211; Rep\u00f3rter<\/p>\n","protected":false},"author":2,"featured_media":13839,"comment_status":"open","ping_status":"open","sticky":false,"template":"","format":"standard","meta":{"footnotes":""},"categories":[17],"tags":[],"class_list":["post-13838","post","type-post","status-publish","format-standard","has-post-thumbnail","hentry","category-outras-noticias"],"_links":{"self":[{"href":"https:\/\/tvc16.com\/portal\/wp-json\/wp\/v2\/posts\/13838","targetHints":{"allow":["GET"]}}],"collection":[{"href":"https:\/\/tvc16.com\/portal\/wp-json\/wp\/v2\/posts"}],"about":[{"href":"https:\/\/tvc16.com\/portal\/wp-json\/wp\/v2\/types\/post"}],"author":[{"embeddable":true,"href":"https:\/\/tvc16.com\/portal\/wp-json\/wp\/v2\/users\/2"}],"replies":[{"embeddable":true,"href":"https:\/\/tvc16.com\/portal\/wp-json\/wp\/v2\/comments?post=13838"}],"version-history":[{"count":1,"href":"https:\/\/tvc16.com\/portal\/wp-json\/wp\/v2\/posts\/13838\/revisions"}],"predecessor-version":[{"id":13840,"href":"https:\/\/tvc16.com\/portal\/wp-json\/wp\/v2\/posts\/13838\/revisions\/13840"}],"wp:featuredmedia":[{"embeddable":true,"href":"https:\/\/tvc16.com\/portal\/wp-json\/wp\/v2\/media\/13839"}],"wp:attachment":[{"href":"https:\/\/tvc16.com\/portal\/wp-json\/wp\/v2\/media?parent=13838"}],"wp:term":[{"taxonomy":"category","embeddable":true,"href":"https:\/\/tvc16.com\/portal\/wp-json\/wp\/v2\/categories?post=13838"},{"taxonomy":"post_tag","embeddable":true,"href":"https:\/\/tvc16.com\/portal\/wp-json\/wp\/v2\/tags?post=13838"}],"curies":[{"name":"wp","href":"https:\/\/api.w.org\/{rel}","templated":true}]}}