{"id":1384,"date":"2020-09-27T14:20:21","date_gmt":"2020-09-27T14:20:21","guid":{"rendered":"https:\/\/tvc16.com\/portal\/?p=1384"},"modified":"2020-09-27T14:20:21","modified_gmt":"2020-09-27T14:20:21","slug":"galiotte-caso-protocolo-nao-seja-cumprido-e-preciso-parar-competicao","status":"publish","type":"post","link":"https:\/\/tvc16.com\/portal\/2020\/09\/27\/galiotte-caso-protocolo-nao-seja-cumprido-e-preciso-parar-competicao\/","title":{"rendered":"Galiotte: &#8216;Caso protocolo n\u00e3o seja cumprido, \u00e9 preciso parar competi\u00e7\u00e3o&#8217;"},"content":{"rendered":"\n<p>O presidente do Palmeiras, Mauricio Galiotte, afirmou que o Brasileir\u00e3o precisar\u00e1 ser paralisado ao falar sobre a decis\u00e3o do Tribunal Regional do Trabalho do Rio de Janeiro de adiar o jogo contra o Flamengo, que estava marcado para este domingo (27), no Allianz Parque. &#8220;Caso seja definido que o protocolo determinado para o Campeonato Brasileiro n\u00e3o ser\u00e1 cumprido, \u00e9 preciso paralisar a competi\u00e7\u00e3o&#8221;, publicou o clube alviverde no Twitter em nota assinada por Galiotte.<\/p>\n\n\n\n<p>Fonte: UOL Esporte<\/p>\n\n\n","protected":false},"excerpt":{"rendered":"<p>O presidente do Palmeiras, Mauricio Galiotte, afirmou que o Brasileir\u00e3o precisar\u00e1 ser paralisado ao falar<\/p>\n","protected":false},"author":2,"featured_media":1385,"comment_status":"open","ping_status":"open","sticky":false,"template":"","format":"standard","meta":{"footnotes":""},"categories":[20],"tags":[],"class_list":["post-1384","post","type-post","status-publish","format-standard","has-post-thumbnail","hentry","category-esporte"],"_links":{"self":[{"href":"https:\/\/tvc16.com\/portal\/wp-json\/wp\/v2\/posts\/1384","targetHints":{"allow":["GET"]}}],"collection":[{"href":"https:\/\/tvc16.com\/portal\/wp-json\/wp\/v2\/posts"}],"about":[{"href":"https:\/\/tvc16.com\/portal\/wp-json\/wp\/v2\/types\/post"}],"author":[{"embeddable":true,"href":"https:\/\/tvc16.com\/portal\/wp-json\/wp\/v2\/users\/2"}],"replies":[{"embeddable":true,"href":"https:\/\/tvc16.com\/portal\/wp-json\/wp\/v2\/comments?post=1384"}],"version-history":[{"count":1,"href":"https:\/\/tvc16.com\/portal\/wp-json\/wp\/v2\/posts\/1384\/revisions"}],"predecessor-version":[{"id":1386,"href":"https:\/\/tvc16.com\/portal\/wp-json\/wp\/v2\/posts\/1384\/revisions\/1386"}],"wp:featuredmedia":[{"embeddable":true,"href":"https:\/\/tvc16.com\/portal\/wp-json\/wp\/v2\/media\/1385"}],"wp:attachment":[{"href":"https:\/\/tvc16.com\/portal\/wp-json\/wp\/v2\/media?parent=1384"}],"wp:term":[{"taxonomy":"category","embeddable":true,"href":"https:\/\/tvc16.com\/portal\/wp-json\/wp\/v2\/categories?post=1384"},{"taxonomy":"post_tag","embeddable":true,"href":"https:\/\/tvc16.com\/portal\/wp-json\/wp\/v2\/tags?post=1384"}],"curies":[{"name":"wp","href":"https:\/\/api.w.org\/{rel}","templated":true}]}}