{"id":13844,"date":"2021-05-03T10:23:22","date_gmt":"2021-05-03T13:23:22","guid":{"rendered":"https:\/\/tvc16.com\/portal\/?p=13844"},"modified":"2021-05-03T10:23:25","modified_gmt":"2021-05-03T13:23:25","slug":"covid-19-cidades-do-rio-de-janeiro-aplicam-segunda-dose-da-coronavac","status":"publish","type":"post","link":"https:\/\/tvc16.com\/portal\/2021\/05\/03\/covid-19-cidades-do-rio-de-janeiro-aplicam-segunda-dose-da-coronavac\/","title":{"rendered":"Covid-19: cidades do Rio de Janeiro aplicam segunda dose da CoronaVac"},"content":{"rendered":"\n<h3 class=\"wp-block-heading\">Vacina\u00e7\u00e3o estava suspensa desde quinta-feira por falta de imunizante<\/h3>\n\n\n\n<h4 class=\"wp-block-heading\">Por Akemi Nitahara \u2013 Rep\u00f3rter da Ag\u00eancia Brasil &#8211; Rio de Janeiro<\/h4>\n\n\n\n<p>Com a entrega de uma nova remessa de doses da CoronaVac ao estado do Rio de Janeiro e os envios divulgados pelo Instituto Butantan, munic\u00edpios que suspenderam o calend\u00e1rio de aplica\u00e7\u00e3o da segunda dose na quinta-feira passada (29) retomam hoje (3) a imuniza\u00e7\u00e3o contra a covid-19.<img decoding=\"async\" src=\"https:\/\/agenciabrasil.ebc.com.br\/ebc.png?id=1408487&amp;o=node\"><img decoding=\"async\" src=\"https:\/\/agenciabrasil.ebc.com.br\/ebc.gif?id=1408487&amp;o=node\"><\/p>\n\n\n\n<p>A distribui\u00e7\u00e3o das vacinas para os munic\u00edpios foi feita no fim de semana pela Secretaria de Estado de Sa\u00fade (SES). Foram entregues 54.160 doses da CorovaVac e 595.820 da Oxford\/AstraZeneca.<\/p>\n\n\n\n<p>A Secretaria Municipal de Sa\u00fade (SMS) da capital anunciou, na noite de ontem (2), as novas datas previstas para a segunda dose da CoronaVac. A partir de hoje podem tomar a vacina os idosos com mais de 70 anos. Amanh\u00e3, ser\u00e1 a vez de quem tem 67 anos ou mais. No s\u00e1bado (8), receber\u00e3o a segunda dose pessoas com 66 anos. Na quinta-feira da semana que vem (13), quem tem 64 e 65 anos. Os que t\u00eam 61, 62 e 63 anos poder\u00e3o completar o esquema vacinal no dia 17.<\/p>\n\n\n\n<p>Outros grupos que tenham recebido a primeira dose da CoronaVac entre os dias 5 e 9 de abril devem comparecer aos postos de vacina\u00e7\u00e3o dez dias ap\u00f3s a data marcada para a segunda dose em seus comprovantes. Os que receberam a primeira aplica\u00e7\u00e3o entre 10 e 17 de abril devem tomar a segunda dose no dia 17 de maio. Para quem tomou a primeira dose depois do dia 17 de abril n\u00e3o haver\u00e1 adiamento na aplica\u00e7\u00e3o da segunda dose.<\/p>\n\n\n\n<p>A Secretaria Municipal de Sa\u00fade ressalta que a segunda dose da CoronaVac ser\u00e1 aplicada somente no per\u00edodo da manh\u00e3.<\/p>\n\n\n\n<h2 class=\"wp-block-heading\">Maric\u00e1<\/h2>\n\n\n\n<p>A prefeitura de Maric\u00e1, na regi\u00e3o metropolitana do Rio, tamb\u00e9m retoma hoje o calend\u00e1rio de vacina\u00e7\u00e3o dos grupos priorit\u00e1rios. A cidade recebeu 480 doses da CoronaVac e at\u00e9 s\u00e1bado aplicar\u00e1 a segunda dose apenas em quem recebeu a primeira h\u00e1 mais de 28 dias.<\/p>\n\n\n\n<p>Para a imuniza\u00e7\u00e3o com a vacina da AstraZeneca, o novo cronograma come\u00e7a hoje e vai at\u00e9 s\u00e1bado, mantendo o escalonamento decrescente por idade e comorbidades. Est\u00e3o inclu\u00eddas as gestantes e pu\u00e9rperas, pessoas com s\u00edndrome de down, doen\u00e7a renal cr\u00f4nica e defici\u00eancia permanente.<\/p>\n\n\n\n<h2 class=\"wp-block-heading\">S\u00e3o Gon\u00e7alo<\/h2>\n\n\n\n<p>Outro munic\u00edpio que retoma hoje o calend\u00e1rio da segunda dose da CoronaVac \u00e9 S\u00e3o Gon\u00e7alo, tamb\u00e9m na regi\u00e3o metropolitana. Poder\u00e3o completar a imuniza\u00e7\u00e3o com a vacina produzida pelo Instituto Butantan&nbsp; aqueles que tomaram a primeira dose h\u00e1 mais de 21 dias.<\/p>\n\n\n\n<p>A prefeitura reservou local e hor\u00e1rio para essa aplica\u00e7\u00e3o. Ser\u00e1 das 8h \u00e0s 17h nos polos sanit\u00e1rios Washington Luiz, no Z\u00e9 Garoto, e H\u00e9lio Cruz, em Alc\u00e2ntara, al\u00e9m dos postos de&nbsp;<em>drive thru<\/em>&nbsp;da Umpa de Nova Cidade, Clube Mau\u00e1, no centro; Centro de Tradi\u00e7\u00f5es Nordestinas, em Neves e no Centro de Refer\u00eancia da Assist\u00eancia Social (Cras) de Vista Alegre.<\/p>\n\n\n\n<p>A vacina\u00e7\u00e3o com a primeira dose da AstraZeneca ser\u00e1 feita hoje e amanh\u00e3 para idosos a partir de 60 anos, pessoas com comorbidades a partir de 54 anos, gr\u00e1vidas com comorbidades, profissionais de sa\u00fade a partir de 35 anos e trabalhadores da sa\u00fade da linha de frente de qualquer idade.<\/p>\n\n\n\n<h2 class=\"wp-block-heading\">Campos dos Goytacazes<\/h2>\n\n\n\n<p>Em Campos dos Goytacazes, no norte fluminense, a aplica\u00e7\u00e3o da segunda dose da CoronaVac ser\u00e1 retomada amanh\u00e3, exclusivamente para os idosos que tomaram a primeira at\u00e9 o dia 2 de abril. Os profissionais de sa\u00fade que est\u00e3o com a segunda dose pendente devem fazer um cadastro por&nbsp;<em>whatsApp&nbsp;<\/em>no telefone (22) 99986-6796, por meio do qual ser\u00e1 feita a convoca\u00e7\u00e3o para receber o imunizante.<\/p>\n\n\n\n<p>Para imuniza\u00e7\u00e3o com a AstraZeneca, o munic\u00edpio convocou esta semana as pessoas de 59 anos para tomar a primeira dose. Mulheres devem comparecer aos postos na quinta-feira (6) e os homens na sexta-feira (7).<\/p>\n\n\n\n<p>Niter\u00f3i, na regi\u00e3o metropolitana, Arraial do Cabo, na regi\u00e3o dos lagos, Duque de Caxias e Nova Igua\u00e7u, na Baixada Fluminense, ainda n\u00e3o anunciaram a retomada da aplica\u00e7\u00e3o da segunda dose da CoronaVac.<\/p>\n\n\n\n<p>Edi\u00e7\u00e3o: Kleber Sampaio<\/p>\n","protected":false},"excerpt":{"rendered":"<p>Vacina\u00e7\u00e3o estava suspensa desde quinta-feira por falta de imunizante Por Akemi Nitahara \u2013 Rep\u00f3rter da<\/p>\n","protected":false},"author":2,"featured_media":13845,"comment_status":"open","ping_status":"open","sticky":false,"template":"","format":"standard","meta":{"footnotes":""},"categories":[17],"tags":[],"class_list":["post-13844","post","type-post","status-publish","format-standard","has-post-thumbnail","hentry","category-outras-noticias"],"_links":{"self":[{"href":"https:\/\/tvc16.com\/portal\/wp-json\/wp\/v2\/posts\/13844","targetHints":{"allow":["GET"]}}],"collection":[{"href":"https:\/\/tvc16.com\/portal\/wp-json\/wp\/v2\/posts"}],"about":[{"href":"https:\/\/tvc16.com\/portal\/wp-json\/wp\/v2\/types\/post"}],"author":[{"embeddable":true,"href":"https:\/\/tvc16.com\/portal\/wp-json\/wp\/v2\/users\/2"}],"replies":[{"embeddable":true,"href":"https:\/\/tvc16.com\/portal\/wp-json\/wp\/v2\/comments?post=13844"}],"version-history":[{"count":1,"href":"https:\/\/tvc16.com\/portal\/wp-json\/wp\/v2\/posts\/13844\/revisions"}],"predecessor-version":[{"id":13846,"href":"https:\/\/tvc16.com\/portal\/wp-json\/wp\/v2\/posts\/13844\/revisions\/13846"}],"wp:featuredmedia":[{"embeddable":true,"href":"https:\/\/tvc16.com\/portal\/wp-json\/wp\/v2\/media\/13845"}],"wp:attachment":[{"href":"https:\/\/tvc16.com\/portal\/wp-json\/wp\/v2\/media?parent=13844"}],"wp:term":[{"taxonomy":"category","embeddable":true,"href":"https:\/\/tvc16.com\/portal\/wp-json\/wp\/v2\/categories?post=13844"},{"taxonomy":"post_tag","embeddable":true,"href":"https:\/\/tvc16.com\/portal\/wp-json\/wp\/v2\/tags?post=13844"}],"curies":[{"name":"wp","href":"https:\/\/api.w.org\/{rel}","templated":true}]}}