{"id":13847,"date":"2021-05-03T10:24:39","date_gmt":"2021-05-03T13:24:39","guid":{"rendered":"https:\/\/tvc16.com\/portal\/?p=13847"},"modified":"2021-05-03T10:24:41","modified_gmt":"2021-05-03T13:24:41","slug":"ataque-a-tiros-deixa-quatro-mortos-no-estado-do-rio","status":"publish","type":"post","link":"https:\/\/tvc16.com\/portal\/2021\/05\/03\/ataque-a-tiros-deixa-quatro-mortos-no-estado-do-rio\/","title":{"rendered":"Ataque a tiros deixa quatro mortos no estado do Rio"},"content":{"rendered":"\n<h3 class=\"wp-block-heading\">Homic\u00eddios ocorreram em Mesquita<\/h3>\n\n\n\n<h4 class=\"wp-block-heading\">Por Vitor Abdala &#8211; Rep\u00f3rter da Ag\u00eancia Brasil &#8211; Rio de Janeiro<\/h4>\n\n\n\n<p>Um ataque a tiros deixou quatro mortos em um bar de Mesquita, um munic\u00edpio da regi\u00e3o metropolitana do Rio de Janeiro.<img decoding=\"async\" src=\"https:\/\/agenciabrasil.ebc.com.br\/ebc.png?id=1408484&amp;o=node\"><img decoding=\"async\" src=\"https:\/\/agenciabrasil.ebc.com.br\/ebc.gif?id=1408484&amp;o=node\"><\/p>\n\n\n\n<p>Segundo a Pol\u00edcia Militar, quatro pessoas ficaram feridas e foram levadas para unidades de sa\u00fade da regi\u00e3o: Hospital Geral de Nova Igua\u00e7u e Unidade Pronto-Atendimento de Edson Passos.<\/p>\n\n\n\n<p>O ataque ocorreu na madrugada de hoje (3), no bairro de Jacutinga. O caso est\u00e1 sendo investigado pela Delegacia de Homic\u00eddios da Baixada Fluminense. Os nomes dos mortos ainda n\u00e3o foram divulgados.&nbsp;<\/p>\n\n\n\n<p>Edi\u00e7\u00e3o: Kleber Sampaio<\/p>\n","protected":false},"excerpt":{"rendered":"<p>Homic\u00eddios ocorreram em Mesquita Por Vitor Abdala &#8211; Rep\u00f3rter da Ag\u00eancia Brasil &#8211; Rio de<\/p>\n","protected":false},"author":2,"featured_media":13848,"comment_status":"open","ping_status":"open","sticky":false,"template":"","format":"standard","meta":{"footnotes":""},"categories":[17],"tags":[],"class_list":["post-13847","post","type-post","status-publish","format-standard","has-post-thumbnail","hentry","category-outras-noticias"],"_links":{"self":[{"href":"https:\/\/tvc16.com\/portal\/wp-json\/wp\/v2\/posts\/13847","targetHints":{"allow":["GET"]}}],"collection":[{"href":"https:\/\/tvc16.com\/portal\/wp-json\/wp\/v2\/posts"}],"about":[{"href":"https:\/\/tvc16.com\/portal\/wp-json\/wp\/v2\/types\/post"}],"author":[{"embeddable":true,"href":"https:\/\/tvc16.com\/portal\/wp-json\/wp\/v2\/users\/2"}],"replies":[{"embeddable":true,"href":"https:\/\/tvc16.com\/portal\/wp-json\/wp\/v2\/comments?post=13847"}],"version-history":[{"count":1,"href":"https:\/\/tvc16.com\/portal\/wp-json\/wp\/v2\/posts\/13847\/revisions"}],"predecessor-version":[{"id":13849,"href":"https:\/\/tvc16.com\/portal\/wp-json\/wp\/v2\/posts\/13847\/revisions\/13849"}],"wp:featuredmedia":[{"embeddable":true,"href":"https:\/\/tvc16.com\/portal\/wp-json\/wp\/v2\/media\/13848"}],"wp:attachment":[{"href":"https:\/\/tvc16.com\/portal\/wp-json\/wp\/v2\/media?parent=13847"}],"wp:term":[{"taxonomy":"category","embeddable":true,"href":"https:\/\/tvc16.com\/portal\/wp-json\/wp\/v2\/categories?post=13847"},{"taxonomy":"post_tag","embeddable":true,"href":"https:\/\/tvc16.com\/portal\/wp-json\/wp\/v2\/tags?post=13847"}],"curies":[{"name":"wp","href":"https:\/\/api.w.org\/{rel}","templated":true}]}}