{"id":13856,"date":"2021-05-03T14:05:30","date_gmt":"2021-05-03T17:05:30","guid":{"rendered":"https:\/\/tvc16.com\/portal\/?p=13856"},"modified":"2021-05-03T14:05:32","modified_gmt":"2021-05-03T17:05:32","slug":"as-melhores-atracoes-turisticas-de-milao-parte-ii","status":"publish","type":"post","link":"https:\/\/tvc16.com\/portal\/2021\/05\/03\/as-melhores-atracoes-turisticas-de-milao-parte-ii\/","title":{"rendered":"As melhores atra\u00e7\u00f5es tur\u00edsticas de Mil\u00e3o (parte II)"},"content":{"rendered":"\n<p><strong>Sandra Brito Writer &amp; Traveller<\/strong><\/p>\n\n\n\n<p>\u00a0\u00a0\u00a0\u00a0\u00a0\u00a0\u00a0\u00a0\u00a0\u00a0\u00a0Na semana passada falamos sobre Mil\u00e3o, a bel\u00edssima cidade localizada na regi\u00e3o de Lombardia. Hoje, vamos completar nossa viagem, com outras dicas de lugares imperd\u00edveis para quem est\u00e1 pensando em conhecer essa preciosidade no norte da It\u00e1lia.<\/p>\n\n\n\n<p><strong>&nbsp;<\/strong><strong>Parco Sempione<\/strong><\/p>\n\n\n\n<p>&nbsp;&nbsp;&nbsp;&nbsp;&nbsp;&nbsp;&nbsp;&nbsp;&nbsp;&nbsp;&nbsp; O Parque Sempione \u00e9 uma extensa \u00e1rea verde localizada atr\u00e1s do Castelo Sforzesco. \u00c9 o lugar perfeito para desfrutar de uma caminhada entre flores e vegeta\u00e7\u00e3o, longe da agita\u00e7\u00e3o da selva urbana \u2013 op\u00e7\u00e3o excepcional para quem deseja descansar ap\u00f3s alguns dias de turismo intenso. O parque, constru\u00eddo em 1888, \u00e9 repleto de atra\u00e7\u00f5es &#8211; incluindo um aqu\u00e1rio, est\u00e1dio esportivo, arco napole\u00f4nico (que falaremos a seguir) e at\u00e9 um castelo medieval!<\/p>\n\n\n\n<figure class=\"wp-block-image size-large\"><img loading=\"lazy\" decoding=\"async\" width=\"1024\" height=\"961\" src=\"https:\/\/tvc16.com\/portal\/wp-content\/uploads\/2021\/05\/m2-1024x961.png\" alt=\"\" class=\"wp-image-13859\" srcset=\"https:\/\/tvc16.com\/portal\/wp-content\/uploads\/2021\/05\/m2-1024x961.png 1024w, https:\/\/tvc16.com\/portal\/wp-content\/uploads\/2021\/05\/m2-300x282.png 300w, https:\/\/tvc16.com\/portal\/wp-content\/uploads\/2021\/05\/m2-768x721.png 768w, https:\/\/tvc16.com\/portal\/wp-content\/uploads\/2021\/05\/m2.png 1080w\" sizes=\"auto, (max-width: 1024px) 100vw, 1024px\" \/><\/figure>\n\n\n\n<p>&nbsp;&nbsp;&nbsp;&nbsp;&nbsp;&nbsp;&nbsp;&nbsp;&nbsp;&nbsp;&nbsp; Dentro do parque voc\u00ea pode visitar a Torre Branca, toda em a\u00e7o, com 108 metros de altura. L\u00e1 de cima, contemple a bel\u00edssima cidade de Mil\u00e3o e, em dias claros, voc\u00ea pode at\u00e9 ter uma vis\u00e3o privilegiada dos Alpes! Outra dica imperd\u00edvel s\u00e3o as esculturas permanentes de Arman, Francesco Barzaghi, Giorgio de Chirico e Antonio Paradiso, que voc\u00ea encontra ao longo de seu passeio pelo parque.<\/p>\n\n\n\n<figure class=\"wp-block-image size-large\"><img loading=\"lazy\" decoding=\"async\" width=\"480\" height=\"220\" src=\"https:\/\/tvc16.com\/portal\/wp-content\/uploads\/2021\/05\/m3.jpg\" alt=\"\" class=\"wp-image-13860\" srcset=\"https:\/\/tvc16.com\/portal\/wp-content\/uploads\/2021\/05\/m3.jpg 480w, https:\/\/tvc16.com\/portal\/wp-content\/uploads\/2021\/05\/m3-300x138.jpg 300w\" sizes=\"auto, (max-width: 480px) 100vw, 480px\" \/><\/figure>\n\n\n\n<p><strong>Arco della Pace<\/strong><\/p>\n\n\n\n<figure class=\"wp-block-image size-large\"><img loading=\"lazy\" decoding=\"async\" width=\"674\" height=\"428\" src=\"https:\/\/tvc16.com\/portal\/wp-content\/uploads\/2021\/05\/m4.jpg\" alt=\"\" class=\"wp-image-13861\" srcset=\"https:\/\/tvc16.com\/portal\/wp-content\/uploads\/2021\/05\/m4.jpg 674w, https:\/\/tvc16.com\/portal\/wp-content\/uploads\/2021\/05\/m4-300x191.jpg 300w\" sizes=\"auto, (max-width: 674px) 100vw, 674px\" \/><\/figure>\n\n\n\n<p>&nbsp;&nbsp;&nbsp;&nbsp;&nbsp;&nbsp;&nbsp;&nbsp;&nbsp;&nbsp;&nbsp; O rec\u00e9m-reformado \u201cArco da Paz\u201d \u00e9 uma das pe\u00e7as mais bonitas da hist\u00f3ria de Mil\u00e3o. Feito de puro m\u00e1rmore e coberto por carruagens puxadas por cavalos, o arco foi constru\u00eddo em homenagem \u00e0s vit\u00f3rias de Napole\u00e3o e deveria ser inclu\u00eddo no \u201cForo Bonaparte\u201d da cidade &#8211; uma vers\u00e3o moderna do F\u00f3rum Romano, projetada pelo arquiteto Luigi Canonica. O arco est\u00e1 situado entre a Arena Civica e a Torre Branca e serve agora como uma imponenete entrada para o Parco Sempione.<\/p>\n\n\n\n<p>&nbsp;&nbsp;&nbsp;&nbsp;&nbsp;&nbsp;&nbsp;&nbsp;&nbsp;&nbsp;&nbsp; Al\u00e9m do valor hist\u00f3rico, o Arco della Pace \u00e9 um dos elementos mais interessantes da arquitetura neocl\u00e1ssica milanesa. Nas proximidades de uma das portas romanas originais, o Arco della Pace costumava ser chamado de Porto Giovia, o nome da porta romana. Devido \u00e0 grande concentra\u00e7\u00e3o de bares, discotecas e restaurantes localizados ao redor do Arco della Pace, a regi\u00e3o tornou-se um dos melhores lugares da cidade para vivenciar a \u201cmovida milanesa\u201d. Dica: visite o Arco no finalzinho da tarde e fique por ali para aproveitar a agita\u00e7\u00e3o da noite!<\/p>\n\n\n\n<p><strong>Chiesa di San Maurizio e o Museu de Arqueologia<\/strong><\/p>\n\n\n\n<figure class=\"wp-block-image size-large\"><img loading=\"lazy\" decoding=\"async\" width=\"730\" height=\"487\" src=\"https:\/\/tvc16.com\/portal\/wp-content\/uploads\/2021\/05\/m5.jpg\" alt=\"\" class=\"wp-image-13862\" srcset=\"https:\/\/tvc16.com\/portal\/wp-content\/uploads\/2021\/05\/m5.jpg 730w, https:\/\/tvc16.com\/portal\/wp-content\/uploads\/2021\/05\/m5-300x200.jpg 300w\" sizes=\"auto, (max-width: 730px) 100vw, 730px\" \/><\/figure>\n\n\n\n<p>&nbsp;&nbsp;&nbsp;&nbsp;&nbsp;&nbsp;&nbsp;&nbsp;&nbsp;&nbsp;&nbsp; Para muitos turistas, o interior da igreja de San Maurizio \u00e9 o mais bonito de toda a cidade. Constru\u00edda no in\u00edcio dos anos 1500 como a igreja de um convento de freiras beneditinas, todo o interior da igreja est\u00e1 coberto de afrescos de cenas b\u00edblicas. N\u00e3o se trata apenas de uma das mais importantes cole\u00e7\u00f5es de afrescos dos melhores artistas do s\u00e9culo XVI &#8211; principalmente Bernardino Luini e seus filhos &#8211; mas tamb\u00e9m a qualidade das cores das pinturas surpreende a todos em um primeiro olhar: s\u00e3o t\u00e3o vivas que parecem ter sido pintadas recentemente.<\/p>\n\n\n\n<p>&nbsp;&nbsp;&nbsp;&nbsp;&nbsp;&nbsp;&nbsp;&nbsp;&nbsp;&nbsp;&nbsp; O extenso mosteiro foi constru\u00eddo sobre as ru\u00ednas do circo romano e partes das muralhas romanas, todos agora parte do Civico Museo Archeologico (Museu de Arqueologia), onde voc\u00ea pode ver os restos escavados da Mil\u00e3o romana.<\/p>\n\n\n\n<p>&nbsp;&nbsp;&nbsp;&nbsp;&nbsp;&nbsp;&nbsp;&nbsp;&nbsp;&nbsp;&nbsp; Al\u00e9m de parte da hist\u00f3ria antiga de Mil\u00e3o, voc\u00ea encontrar\u00e1 achados gregos, etruscos e romanos de outras partes da It\u00e1lia, incluindo esculturas em pedra e bronze. Particularmente interessantes s\u00e3o as esculturas de Maximiliano do s\u00e9culo III, um cap\u00edtulo \u00e0 parte que merece um tempo em seu roteiro.<\/p>\n\n\n\n<p><strong>Naviglio<\/strong><\/p>\n\n\n\n<figure class=\"wp-block-image size-large\"><img loading=\"lazy\" decoding=\"async\" width=\"1000\" height=\"667\" src=\"https:\/\/tvc16.com\/portal\/wp-content\/uploads\/2021\/05\/m6.jpg\" alt=\"\" class=\"wp-image-13863\" srcset=\"https:\/\/tvc16.com\/portal\/wp-content\/uploads\/2021\/05\/m6.jpg 1000w, https:\/\/tvc16.com\/portal\/wp-content\/uploads\/2021\/05\/m6-300x200.jpg 300w, https:\/\/tvc16.com\/portal\/wp-content\/uploads\/2021\/05\/m6-768x512.jpg 768w, https:\/\/tvc16.com\/portal\/wp-content\/uploads\/2021\/05\/m6-900x600.jpg 900w\" sizes=\"auto, (max-width: 1000px) 100vw, 1000px\" \/><\/figure>\n\n\n\n<p>&nbsp;&nbsp;&nbsp;&nbsp;&nbsp;&nbsp;&nbsp;&nbsp;&nbsp;&nbsp;&nbsp; Para quem curte frequentar os caf\u00e9s e lanchonetes \u00e0 beira do canal, Naviglio \u00e9 uma das atra\u00e7\u00f5es noturnas mais procuradas em Mil\u00e3o. Embora seja mais movimentado \u00e0 noite, voc\u00ea pode fazer um passeio de dia \u00e0s lojas e \u00e0s oficinas de diversos artistas, al\u00e9m de dar uma parada estrat\u00e9gica nos restaurantes da regi\u00e3o. Com sorte, voc\u00ea ainda conseguir\u00e1 assistir a um dos muitos festivais que acontecem por todo o ano.<\/p>\n\n\n\n<p>&nbsp;&nbsp;&nbsp;&nbsp;&nbsp;&nbsp;&nbsp;&nbsp;&nbsp;&nbsp;&nbsp; Em abril, o bairro ao longo do canal fica repleto de flores para a Festa Di Fiori e para a Festa del Naviglio &#8211; com in\u00fameros shows, prociss\u00f5es, artesanato e um riqu\u00edssimo mercado de antiguidades. Barca\u00e7as ao longo dos canais s\u00e3o decoradas em meados de junho para o Festival de S\u00e3o Crist\u00f3v\u00e3o e a Orquestra Sinfonica di Milano Giuseppe Verdi realiza cerca de 50 concertos nas noites de quinta e sexta-feira e nas tardes de domingo no Auditorium di Milano. Sem sombra de d\u00favidas, um dos pontos altos de sua visita \u00e0 cidade de Mil\u00e3o.<\/p>\n\n\n\n<p><strong>Santa Maria Presso San Satiro<\/strong><\/p>\n\n\n\n<figure class=\"wp-block-image size-large\"><img loading=\"lazy\" decoding=\"async\" width=\"730\" height=\"488\" src=\"https:\/\/tvc16.com\/portal\/wp-content\/uploads\/2021\/05\/m7.jpg\" alt=\"\" class=\"wp-image-13864\" srcset=\"https:\/\/tvc16.com\/portal\/wp-content\/uploads\/2021\/05\/m7.jpg 730w, https:\/\/tvc16.com\/portal\/wp-content\/uploads\/2021\/05\/m7-300x201.jpg 300w\" sizes=\"auto, (max-width: 730px) 100vw, 730px\" \/><\/figure>\n\n\n\n<p>&nbsp;&nbsp;&nbsp;&nbsp;&nbsp;&nbsp;&nbsp;&nbsp;&nbsp;&nbsp;&nbsp; A igreja de Santa Maria em San Satiro tem uma hist\u00f3ria complexa. Em primeiro lugar, deve-se dizer que ele consiste, na verdade, em duas partes, de idades muito diferentes. Por um lado, o Santu\u00e1rio de San Satiro (tamb\u00e9m conhecido como Capela da Miseric\u00f3rdia) constru\u00eddo no final do s\u00e9culo IX e a pr\u00f3pria igreja (Igreja de Santa Maria), do per\u00edodo renascentista. Quase oculta num p\u00e1tio bastante estreito, a igreja \u00e9 impercept\u00edvel do lado de fora e tem uma fachada de pedra cinzenta.<\/p>\n\n\n\n<figure class=\"wp-block-image size-large\"><img loading=\"lazy\" decoding=\"async\" width=\"683\" height=\"1024\" src=\"https:\/\/tvc16.com\/portal\/wp-content\/uploads\/2021\/05\/m8-683x1024.jpg\" alt=\"\" class=\"wp-image-13865\" srcset=\"https:\/\/tvc16.com\/portal\/wp-content\/uploads\/2021\/05\/m8-683x1024.jpg 683w, https:\/\/tvc16.com\/portal\/wp-content\/uploads\/2021\/05\/m8-200x300.jpg 200w, https:\/\/tvc16.com\/portal\/wp-content\/uploads\/2021\/05\/m8-768x1152.jpg 768w, https:\/\/tvc16.com\/portal\/wp-content\/uploads\/2021\/05\/m8-1024x1536.jpg 1024w, https:\/\/tvc16.com\/portal\/wp-content\/uploads\/2021\/05\/m8.jpg 1067w\" sizes=\"auto, (max-width: 683px) 100vw, 683px\" \/><\/figure>\n\n\n\n<p>&nbsp;&nbsp;&nbsp;&nbsp;&nbsp;&nbsp;&nbsp;&nbsp;&nbsp;&nbsp;&nbsp; A igreja foi constru\u00edda a partir de 1480, encomendada pelo Duque Galeazzo Maria Sforza e projetada pelo jovem arquiteto Donato Bramante. A planta, em T e tr\u00eas naves, \u00e9 ricamente decorada. O telhado da nave principal \u00e9 dourado e d\u00e1 um lindo brilho quente ao ambiente. O tesouro, no entanto, \u00e9 representado pela falsa abadia, que parece estar atr\u00e1s do altar, mas \u00e9 apenas um relevo aplicado na parede posterior. A ilus\u00e3o \u00e9 t\u00e3o forte que \u00e9 preciso chegar muito perto para perceber que \u00e9 assim. A solu\u00e7\u00e3o arquitet\u00f4nica foi pensada por falta de espa\u00e7o suficiente para a constru\u00e7\u00e3o de uma abadia real.<\/p>\n\n\n\n<p><strong>&nbsp; &nbsp; &nbsp; &nbsp; &nbsp; &nbsp; &nbsp; &nbsp; &nbsp; &nbsp; &nbsp; &nbsp; &nbsp; &nbsp; &nbsp; &nbsp; &nbsp; &nbsp; &nbsp; &nbsp; &nbsp; &nbsp; &nbsp; &nbsp; &nbsp; &nbsp; &nbsp; &nbsp; &nbsp; &nbsp; &nbsp; &nbsp; &nbsp; &nbsp; &nbsp; &nbsp; &nbsp; &nbsp; &nbsp; &nbsp; &nbsp; &nbsp; &nbsp; &nbsp; &nbsp; &nbsp; &nbsp; &nbsp;Museu Poldi-Pezzoli<\/strong>&nbsp;<\/p>\n\n\n\n<figure class=\"wp-block-image size-large\"><img loading=\"lazy\" decoding=\"async\" width=\"730\" height=\"493\" src=\"https:\/\/tvc16.com\/portal\/wp-content\/uploads\/2021\/05\/m9.jpg\" alt=\"\" class=\"wp-image-13866\" srcset=\"https:\/\/tvc16.com\/portal\/wp-content\/uploads\/2021\/05\/m9.jpg 730w, https:\/\/tvc16.com\/portal\/wp-content\/uploads\/2021\/05\/m9-300x203.jpg 300w\" sizes=\"auto, (max-width: 730px) 100vw, 730px\" \/><\/figure>\n\n\n\n<p>&nbsp;&nbsp;&nbsp;&nbsp;&nbsp;&nbsp;&nbsp;&nbsp;&nbsp;&nbsp;&nbsp; Uma elegante casa antiga \u00e9 o cen\u00e1rio deste museu de arte, que teve origem no s\u00e9culo XIX como a cole\u00e7\u00e3o particular de Gian Giacomo Poldi Pezzoli e sua m\u00e3e, Rosa Trivulzio, que inclui pinturas, joias, pratarias, bronzes, porcelanas, cer\u00e2micas, armaduras e armas.<\/p>\n\n\n\n<p>&nbsp;&nbsp;&nbsp;&nbsp;&nbsp;&nbsp;&nbsp;&nbsp;&nbsp;&nbsp;&nbsp; Os t\u00eaxteis do museu incluem tapetes flamengos e persas, tape\u00e7arias e uma grande cole\u00e7\u00e3o de rendas trabalhadas \u00e0 m\u00e3o. A casa em si \u00e9 um espet\u00e1culo \u00e0 parte, com todas as suas obras de arte elegantemente distribu\u00eddas em ambientes que representam galerias &#8211; muitas delas redecoradas em meados de 1800 para exibir a luxuosa colet\u00e2nea.<\/p>\n\n\n\n<p><strong>Museu Bagatti Valsecchi<\/strong><\/p>\n\n\n\n<figure class=\"wp-block-image size-large\"><img loading=\"lazy\" decoding=\"async\" width=\"960\" height=\"640\" src=\"https:\/\/tvc16.com\/portal\/wp-content\/uploads\/2021\/05\/m10.jpg\" alt=\"\" class=\"wp-image-13867\" srcset=\"https:\/\/tvc16.com\/portal\/wp-content\/uploads\/2021\/05\/m10.jpg 960w, https:\/\/tvc16.com\/portal\/wp-content\/uploads\/2021\/05\/m10-300x200.jpg 300w, https:\/\/tvc16.com\/portal\/wp-content\/uploads\/2021\/05\/m10-768x512.jpg 768w, https:\/\/tvc16.com\/portal\/wp-content\/uploads\/2021\/05\/m10-900x600.jpg 900w\" sizes=\"auto, (max-width: 960px) 100vw, 960px\" \/><\/figure>\n\n\n\n<p>&nbsp;&nbsp;&nbsp;&nbsp;&nbsp;&nbsp;&nbsp;&nbsp;&nbsp;&nbsp;&nbsp; V\u00e1rias coisas tornam este um lugar especialmente interessante para se visitar. Dois irm\u00e3os no s\u00e9culo XIX passaram suas vidas colecionando m\u00f3veis e artes decorativas para fazer o interior de seu pal\u00e1cio renascentista ter a apar\u00eancia original.<\/p>\n\n\n\n<p>&nbsp;&nbsp;&nbsp;&nbsp;&nbsp;&nbsp;&nbsp;&nbsp;&nbsp;&nbsp;&nbsp; Ao inv\u00e9s de salas e vitrines repletas de pinturas, voc\u00ea ver\u00e1 tamb\u00e9m uma casa da \u00e9poca em perfeito estado e ainda habit\u00e1vel, al\u00e9m de poder acompanhar o processo de coleta atrav\u00e9s da excelente sinaliza\u00e7\u00e3o. Assim, \u00e9 poss\u00edvel compartilhar um pouco da emo\u00e7\u00e3o da persegui\u00e7\u00e3o em meio \u00e0s informa\u00e7\u00f5es hist\u00f3ricas e art\u00edsticas de cada pe\u00e7a. Al\u00e9m de tudo isso, encante-se com m\u00f3veis, tape\u00e7arias, vidros, livros, itens infantis e pinturas de mestres da Renascen\u00e7a em um ambiente dom\u00e9stico. \u00c9 como fazer uma verdadeira viagem no tempo!<\/p>\n\n\n\n<p><strong>Museu Nacional de Ci\u00eancia e Tecnologia Leonardo da Vinci<\/strong><\/p>\n\n\n\n<figure class=\"wp-block-image size-large\"><img loading=\"lazy\" decoding=\"async\" width=\"730\" height=\"548\" src=\"https:\/\/tvc16.com\/portal\/wp-content\/uploads\/2021\/05\/m11.jpg\" alt=\"\" class=\"wp-image-13868\" srcset=\"https:\/\/tvc16.com\/portal\/wp-content\/uploads\/2021\/05\/m11.jpg 730w, https:\/\/tvc16.com\/portal\/wp-content\/uploads\/2021\/05\/m11-300x225.jpg 300w, https:\/\/tvc16.com\/portal\/wp-content\/uploads\/2021\/05\/m11-200x150.jpg 200w\" sizes=\"auto, (max-width: 730px) 100vw, 730px\" \/><\/figure>\n\n\n\n<p>&nbsp;&nbsp;&nbsp;&nbsp;&nbsp;&nbsp;&nbsp;&nbsp;&nbsp;&nbsp;&nbsp; Instalado em um antigo mosteiro, o museu ilustra a hist\u00f3ria da ci\u00eancia e da tecnologia, desde o trabalho dos primeiros cientistas at\u00e9 os tempos modernos. De particular interesse \u00e9 a Galeria Leonardo da Vinci com modelos de trabalho de muitas de suas inven\u00e7\u00f5es e m\u00e1quinas, criadas a partir dos desenhos originais de Da Vinci.<\/p>\n\n\n\n<p>&nbsp;&nbsp;&nbsp;&nbsp;&nbsp;&nbsp;&nbsp;&nbsp;&nbsp;&nbsp;&nbsp; Nas exibi\u00e7\u00f5es de f\u00edsica est\u00e3o os aparelhos usados por Galileu, Newton e Volta, e h\u00e1 se\u00e7\u00f5es relacionadas \u00e0 \u00f3tica, ac\u00fastica, telegrafia, transporte, navega\u00e7\u00e3o, ferrovias, voo, metalurgia, ve\u00edculos motorizados, cronometragem e madeira. Ao todo, s\u00e3o mais de 15.000 objetos t\u00e9cnicos e cient\u00edficos que representam a hist\u00f3ria da ci\u00eancia, da tecnologia e da ind\u00fastria.<\/p>\n\n\n\n<p><strong>Bas\u00edlica de Sant&#8217;Eustorgio<\/strong><\/p>\n\n\n\n<figure class=\"wp-block-image size-large\"><img loading=\"lazy\" decoding=\"async\" width=\"730\" height=\"485\" src=\"https:\/\/tvc16.com\/portal\/wp-content\/uploads\/2021\/05\/m12.jpg\" alt=\"\" class=\"wp-image-13869\" srcset=\"https:\/\/tvc16.com\/portal\/wp-content\/uploads\/2021\/05\/m12.jpg 730w, https:\/\/tvc16.com\/portal\/wp-content\/uploads\/2021\/05\/m12-300x199.jpg 300w\" sizes=\"auto, (max-width: 730px) 100vw, 730px\" \/><\/figure>\n\n\n\n<p>&nbsp;&nbsp;&nbsp;&nbsp;&nbsp;&nbsp;&nbsp;&nbsp;&nbsp;&nbsp;&nbsp; A bas\u00edlica rom\u00e2nica de Sant&#8217;Eustorgio foi constru\u00edda nos s\u00e9culos XII e XIII, e seu belo campan\u00e1rio foi acrescentado um s\u00e9culo depois. A fachada s\u00f3 foi adicionada ao edif\u00edcio em 1863. Um pouco adiante voc\u00ea encontra a Cappella Portinari, de Michelozzo em 1462-68, um dos primeiros exemplos da arquitetura renascentista. Os afrescos s\u00e3o do renomado pintor Vincenzo Foppa.<\/p>\n\n\n\n<p>&nbsp;&nbsp;&nbsp;&nbsp;&nbsp;&nbsp;&nbsp;&nbsp;&nbsp;&nbsp;&nbsp; N\u00e3o muito longe de Sant&#8217;Eustorgio est\u00e1 outra igreja, San Lorenzo Maggiore, que data do per\u00edodo crist\u00e3o primitivo. Sua c\u00fapula renascentista foi acrescentada em 1574, mas os mosaicos da capela de Santo Aquilino s\u00e3o do s\u00e9culo IV. Em frente \u00e0 igreja, o p\u00f3rtico de dezesseis colunas cor\u00edntias \u00e9 o maior monumento sobrevivente do Mediolanum romano.<\/p>\n\n\n\n<p><strong>Civica Galleria d&#8217;Arte Moderna (Galeria de Arte Moderna)<\/strong><\/p>\n\n\n\n<figure class=\"wp-block-image size-large\"><img loading=\"lazy\" decoding=\"async\" width=\"730\" height=\"535\" src=\"https:\/\/tvc16.com\/portal\/wp-content\/uploads\/2021\/05\/m13.jpg\" alt=\"\" class=\"wp-image-13870\" srcset=\"https:\/\/tvc16.com\/portal\/wp-content\/uploads\/2021\/05\/m13.jpg 730w, https:\/\/tvc16.com\/portal\/wp-content\/uploads\/2021\/05\/m13-300x220.jpg 300w\" sizes=\"auto, (max-width: 730px) 100vw, 730px\" \/><\/figure>\n\n\n\n<p>&nbsp;&nbsp;&nbsp;&nbsp;&nbsp;&nbsp;&nbsp;&nbsp;&nbsp;&nbsp;&nbsp; Resid\u00eancia de Napole\u00e3o quando ocupou Mil\u00e3o, este pal\u00e1cio em frente ao Giardini Pubblici era novo quando foi tomado. Hoje, ele mant\u00e9m seu trabalho original em estuque e detalhes decorativos em seu interior, o que aumenta seu interesse como uma vitrine para a extensa cole\u00e7\u00e3o de arte moderna de Mil\u00e3o.<\/p>\n\n\n\n<p>&nbsp;&nbsp;&nbsp;&nbsp;&nbsp;&nbsp;&nbsp;&nbsp;&nbsp;&nbsp;&nbsp; A \u00eanfase \u00e9 na arte italiana, do romantismo do s\u00e9culo XIX aos p\u00f3s-impressionistas, mas as cole\u00e7\u00f5es s\u00e3o muito mais amplas, com obras de Renoir, Picasso, Matisse, Rouault, Modigliani, Dufy e Vuillard. Existe um extenso grupo de esculturas neocl\u00e1ssicas de Canova e seus contempor\u00e2neos. No terreno h\u00e1 um jardim de estilo ingl\u00eas e um jardim bot\u00e2nico, e ao lado est\u00e3o os gramados, jardins de flores e playgrounds dos jardins p\u00fablicos. Um encanto de galeria!<\/p>\n\n\n\n<p>&nbsp;&nbsp;&nbsp;&nbsp;&nbsp;&nbsp;&nbsp;&nbsp;&nbsp;&nbsp;&nbsp; Na pr\u00f3xima semana estaremos de volta com mais um destino surpreendente! Boa viagem!<\/p>\n","protected":false},"excerpt":{"rendered":"<p>Sandra Brito Writer &amp; Traveller \u00a0\u00a0\u00a0\u00a0\u00a0\u00a0\u00a0\u00a0\u00a0\u00a0\u00a0Na semana passada falamos sobre Mil\u00e3o, a bel\u00edssima cidade localizada<\/p>\n","protected":false},"author":2,"featured_media":13858,"comment_status":"open","ping_status":"open","sticky":false,"template":"","format":"standard","meta":{"footnotes":""},"categories":[16],"tags":[],"class_list":["post-13856","post","type-post","status-publish","format-standard","has-post-thumbnail","hentry","category-colunistas"],"_links":{"self":[{"href":"https:\/\/tvc16.com\/portal\/wp-json\/wp\/v2\/posts\/13856","targetHints":{"allow":["GET"]}}],"collection":[{"href":"https:\/\/tvc16.com\/portal\/wp-json\/wp\/v2\/posts"}],"about":[{"href":"https:\/\/tvc16.com\/portal\/wp-json\/wp\/v2\/types\/post"}],"author":[{"embeddable":true,"href":"https:\/\/tvc16.com\/portal\/wp-json\/wp\/v2\/users\/2"}],"replies":[{"embeddable":true,"href":"https:\/\/tvc16.com\/portal\/wp-json\/wp\/v2\/comments?post=13856"}],"version-history":[{"count":1,"href":"https:\/\/tvc16.com\/portal\/wp-json\/wp\/v2\/posts\/13856\/revisions"}],"predecessor-version":[{"id":13871,"href":"https:\/\/tvc16.com\/portal\/wp-json\/wp\/v2\/posts\/13856\/revisions\/13871"}],"wp:featuredmedia":[{"embeddable":true,"href":"https:\/\/tvc16.com\/portal\/wp-json\/wp\/v2\/media\/13858"}],"wp:attachment":[{"href":"https:\/\/tvc16.com\/portal\/wp-json\/wp\/v2\/media?parent=13856"}],"wp:term":[{"taxonomy":"category","embeddable":true,"href":"https:\/\/tvc16.com\/portal\/wp-json\/wp\/v2\/categories?post=13856"},{"taxonomy":"post_tag","embeddable":true,"href":"https:\/\/tvc16.com\/portal\/wp-json\/wp\/v2\/tags?post=13856"}],"curies":[{"name":"wp","href":"https:\/\/api.w.org\/{rel}","templated":true}]}}