{"id":13872,"date":"2021-05-03T14:17:35","date_gmt":"2021-05-03T17:17:35","guid":{"rendered":"https:\/\/tvc16.com\/portal\/?p=13872"},"modified":"2021-05-03T14:17:37","modified_gmt":"2021-05-03T17:17:37","slug":"balcao-de-empregos-da-prefeitura-tem-15-vagas-nesta-semana","status":"publish","type":"post","link":"https:\/\/tvc16.com\/portal\/2021\/05\/03\/balcao-de-empregos-da-prefeitura-tem-15-vagas-nesta-semana\/","title":{"rendered":"Balc\u00e3o de Empregos da prefeitura tem 15 vagas nesta semana"},"content":{"rendered":"\n<p>O Balc\u00e3o de Empregos da Prefeitura, administrado pelo Departamento de Trabalho e Renda (Detra), da Secretaria de Desenvolvimento Econ\u00f4mico, tem 15 vagas dispon\u00edveis nesta semana. Os candidatos devem cadastrar os seus curr\u00edculos na prefeitura no site www.petropolis.rj.gov.br.<\/p>\n\n\n\n<p>O Balc\u00e3o de Empregos realiza a divulga\u00e7\u00e3o das vagas e os encaminhamentos dos candidatos para processo seletivo, sendo assim, fica a cargo do empregador a responsabilidade pelas entrevistas e poss\u00edveis contrata\u00e7\u00f5es. O Detra fica na Dr. Porci\u00fancula 75, Centro. O telefone para contato \u00e9 o 2246-8942. Confira as oportunidades:<\/p>\n\n\n\n<ol class=\"wp-block-list\"><li>T\u00e9cnico em Telecomunica\u00e7\u00f5es &#8211; 5 vagas \u2013 Masculino &#8211; Ensino T\u00e9cnico em Telecomunica\u00e7\u00f5es \/ faixa et\u00e1ria de 18 a 50 anos \/ CNH \/ Experi\u00eancia em CPTS \/Possuir ve\u00edculo para trabalho<\/li><li>T\u00e9cnico em Sistema Eletr\u00f4nico \u2013 5 vagas &#8211; Masculino &#8211; Ensino T\u00e9cnico em Telecomunica\u00e7\u00f5es \/ faixa et\u00e1ria de 18 a 50 anos \/ CNH \/ Experi\u00eancia em CPTS \/Possuir ve\u00edculo para trabalho<\/li><li>Cozinheiro \u2013 1 vaga &#8211; ambos os sexos &#8211; Ensino M\u00e9dio Completo \/ Experi\u00eancia em CTPS de 1 ano<\/li><li>Ajudante de Cozinha \u2013 1 vaga &#8211; ambos os sexos &#8211; Ensino M\u00e9dio Completo \/ Experi\u00eancia em CTPS de 06 meses \/ Faixa et\u00e1ria 25 a 45 anos<\/li><li>Cumim &#8211; 1 vaga \u2013 Ambos os sexos &#8211; Ensino M\u00e9dio Completo \/ Experi\u00eancia em CTPS de 1 ano<\/li><li>Auxiliar de Servi\u00e7os Gerais \u2013 1 vaga &#8211; Ambos os sexos &#8211; Ensino Fundamental Completo \/ Experi\u00eancia em CTPS de 1 ano \/ Faixa et\u00e1ria 18 a 25 anos<\/li><li>Operador de Caixa \u2013 1 vaga &#8211; Ambos os sexos &#8211; Ensino M\u00e9dio Completo \/ Experi\u00eancia em CTPS de 1 ano \/ Faixa et\u00e1ria 21 a 45 anos<\/li><\/ol>\n","protected":false},"excerpt":{"rendered":"<p>O Balc\u00e3o de Empregos da Prefeitura, administrado pelo Departamento de Trabalho e Renda (Detra), da<\/p>\n","protected":false},"author":2,"featured_media":13874,"comment_status":"open","ping_status":"open","sticky":false,"template":"","format":"standard","meta":{"footnotes":""},"categories":[12],"tags":[],"class_list":["post-13872","post","type-post","status-publish","format-standard","has-post-thumbnail","hentry","category-cidade"],"_links":{"self":[{"href":"https:\/\/tvc16.com\/portal\/wp-json\/wp\/v2\/posts\/13872","targetHints":{"allow":["GET"]}}],"collection":[{"href":"https:\/\/tvc16.com\/portal\/wp-json\/wp\/v2\/posts"}],"about":[{"href":"https:\/\/tvc16.com\/portal\/wp-json\/wp\/v2\/types\/post"}],"author":[{"embeddable":true,"href":"https:\/\/tvc16.com\/portal\/wp-json\/wp\/v2\/users\/2"}],"replies":[{"embeddable":true,"href":"https:\/\/tvc16.com\/portal\/wp-json\/wp\/v2\/comments?post=13872"}],"version-history":[{"count":1,"href":"https:\/\/tvc16.com\/portal\/wp-json\/wp\/v2\/posts\/13872\/revisions"}],"predecessor-version":[{"id":13875,"href":"https:\/\/tvc16.com\/portal\/wp-json\/wp\/v2\/posts\/13872\/revisions\/13875"}],"wp:featuredmedia":[{"embeddable":true,"href":"https:\/\/tvc16.com\/portal\/wp-json\/wp\/v2\/media\/13874"}],"wp:attachment":[{"href":"https:\/\/tvc16.com\/portal\/wp-json\/wp\/v2\/media?parent=13872"}],"wp:term":[{"taxonomy":"category","embeddable":true,"href":"https:\/\/tvc16.com\/portal\/wp-json\/wp\/v2\/categories?post=13872"},{"taxonomy":"post_tag","embeddable":true,"href":"https:\/\/tvc16.com\/portal\/wp-json\/wp\/v2\/tags?post=13872"}],"curies":[{"name":"wp","href":"https:\/\/api.w.org\/{rel}","templated":true}]}}