{"id":13876,"date":"2021-05-04T09:36:12","date_gmt":"2021-05-04T12:36:12","guid":{"rendered":"https:\/\/tvc16.com\/portal\/?p=13876"},"modified":"2021-05-04T09:36:13","modified_gmt":"2021-05-04T12:36:13","slug":"mais-10-pessoas-morrem-de-covid-19-em-petropolis-3","status":"publish","type":"post","link":"https:\/\/tvc16.com\/portal\/2021\/05\/04\/mais-10-pessoas-morrem-de-covid-19-em-petropolis-3\/","title":{"rendered":"Mais 10 pessoas morrem de covid-19 em Petr\u00f3polis"},"content":{"rendered":"\n<p>O boletim epidemiol\u00f3gico de segunda (03\/05) mostrou que Petr\u00f3polis fez, at\u00e9 agora, 149.787 testes para Covid-19, com 32.598 resultados positivos e 112.375 negativos (levando em considera\u00e7\u00e3o testes r\u00e1pidos e Swab). Mais dez \u00f3bitos foram confirmados e inseridos na base de dados do munic\u00edpio nesta segunda-feira.<\/p>\n\n\n\n<p>Neste momento, 158 pessoas est\u00e3o internadas em leitos de UTI privados e pelo SUS. Outras 175 est\u00e3o em leitos cl\u00ednicos, considerando leitos privados e SUS, totalizando assim, 333 interna\u00e7\u00f5es em toda a rede da cidade. A ocupa\u00e7\u00e3o de leitos cl\u00ednicos pelo SUS \u00e9 de 48,92% e 83,19% em leitos de UTI.<\/p>\n\n\n\n<p>A Secretaria de Sa\u00fade esclareceu que o n\u00famero de \u00f3bitos, hoje em 980 \u00e9 atualizado nos boletins apenas ap\u00f3s o registro do atestado de \u00f3bito e do resultado do exame do paciente no sistema da Vigil\u00e2ncia Epidemiol\u00f3gica, o que \u00e9 feito por equipe administrativa. Trata-se de medida de seguran\u00e7a para evitar erro na informa\u00e7\u00e3o divulgada pela Secretaria de Sa\u00fade.<\/p>\n\n\n\n<p>A Secretaria acrescenta, ainda, que trabalha na atualiza\u00e7\u00e3o de dados de notifica\u00e7\u00f5es e casos em an\u00e1lise no sistema, inserindo ainda dados pendentes de meses anteriores. \u00c9 poss\u00edvel acompanhar a evolu\u00e7\u00e3o dos casos no portal da transpar\u00eancia do coronav\u00edrus, no site da Prefeitura (www.petropolis.rj.gov.br).<\/p>\n\n\n\n<ol class=\"wp-block-list\"><li>Mulher, 63 anos, moradora no S\u00e3o Sebasti\u00e3o. Internada em 01.04.2021 na UPA Cascatinha e transferida para o HNSA. \u00d3bito registrado em 07.04.2021 no HNSA. Paciente com hipertens\u00e3o arterial.<\/li><li>Mulher, 53 anos, moradora no Caxambu. Internada em 01.04.2021 no HNSA. \u00d3bito registrado em 08.04.2021 no HNSA. Paciente sem comorbidades.<\/li><li>Mulher, 72 anos, moradora na Mosela. Internada em 30.03.2021 no HNSA. \u00d3bito registrado em 09.04.2021 no HNSA. Paciente com hipertens\u00e3o arterial e diabetes.<\/li><li>Mulher, 60 anos, moradora em \u00c1guas Lindas. Internada em 23.03.2021 no HST. \u00d3bito registrado em 10.04.2021 no HST. Paciente com hipertens\u00e3o arterial e diabetes.<\/li><li>Mulher, 65 anos, moradora em Nogueira. Internada em 01.04.2021 no HNSA. \u00d3bito registrado em 11.04.2021 no HNSA. Paciente sem comorbidades.<\/li><li>Homem, 67 anos, morador no Roseiral. Internado em 09.04.2021 no HNSA. \u00d3bito registrado em 13.04.2021 no HNSA. Paciente com hipertens\u00e3o arterial.<\/li><li>Homem, 57 anos, morador na Mosela. Internado em 16.04.2021 na UPA Centro e transferido para o HMNSE. \u00d3bito registrado em 20.04.2021 no HMNSE. Paciente com hipertens\u00e3o arterial.<\/li><li>Homem, 52 anos, morador no Independ\u00eancia. Internado em 10.04.2021 no SMH. \u00d3bito registrado em 25.04.2021 no SMH. Paciente com hipertens\u00e3o arterial.<\/li><li>Homem, 35 anos, morador no Cascatinha. Internado em 21.04.2021 na UPA Cascatinha e transferido para o HNSA. \u00d3bito registrado em 24.04.2021 no HNSA. Paciente com obesidade.<\/li><li>Mulher, 82 anos, moradora no Sim\u00e9ria. Internada em 28.04.2021 no HAC. \u00d3bito registrado em 29.04.2021 no HAC. Paciente com hipertens\u00e3o arterial e cardiomiopatia isqu\u00eamica.<\/li><\/ol>\n","protected":false},"excerpt":{"rendered":"<p>O boletim epidemiol\u00f3gico de segunda (03\/05) mostrou que Petr\u00f3polis fez, at\u00e9 agora, 149.787 testes para<\/p>\n","protected":false},"author":2,"featured_media":13877,"comment_status":"open","ping_status":"open","sticky":false,"template":"","format":"standard","meta":{"footnotes":""},"categories":[12],"tags":[],"class_list":["post-13876","post","type-post","status-publish","format-standard","has-post-thumbnail","hentry","category-cidade"],"_links":{"self":[{"href":"https:\/\/tvc16.com\/portal\/wp-json\/wp\/v2\/posts\/13876","targetHints":{"allow":["GET"]}}],"collection":[{"href":"https:\/\/tvc16.com\/portal\/wp-json\/wp\/v2\/posts"}],"about":[{"href":"https:\/\/tvc16.com\/portal\/wp-json\/wp\/v2\/types\/post"}],"author":[{"embeddable":true,"href":"https:\/\/tvc16.com\/portal\/wp-json\/wp\/v2\/users\/2"}],"replies":[{"embeddable":true,"href":"https:\/\/tvc16.com\/portal\/wp-json\/wp\/v2\/comments?post=13876"}],"version-history":[{"count":1,"href":"https:\/\/tvc16.com\/portal\/wp-json\/wp\/v2\/posts\/13876\/revisions"}],"predecessor-version":[{"id":13878,"href":"https:\/\/tvc16.com\/portal\/wp-json\/wp\/v2\/posts\/13876\/revisions\/13878"}],"wp:featuredmedia":[{"embeddable":true,"href":"https:\/\/tvc16.com\/portal\/wp-json\/wp\/v2\/media\/13877"}],"wp:attachment":[{"href":"https:\/\/tvc16.com\/portal\/wp-json\/wp\/v2\/media?parent=13876"}],"wp:term":[{"taxonomy":"category","embeddable":true,"href":"https:\/\/tvc16.com\/portal\/wp-json\/wp\/v2\/categories?post=13876"},{"taxonomy":"post_tag","embeddable":true,"href":"https:\/\/tvc16.com\/portal\/wp-json\/wp\/v2\/tags?post=13876"}],"curies":[{"name":"wp","href":"https:\/\/api.w.org\/{rel}","templated":true}]}}