{"id":13883,"date":"2021-05-04T09:57:51","date_gmt":"2021-05-04T12:57:51","guid":{"rendered":"https:\/\/tvc16.com\/portal\/?p=13883"},"modified":"2021-05-04T09:57:53","modified_gmt":"2021-05-04T12:57:53","slug":"petropolis-amplia-vacinacao-para-trabalhadores-da-saude-a-partir-dos-40-anos","status":"publish","type":"post","link":"https:\/\/tvc16.com\/portal\/2021\/05\/04\/petropolis-amplia-vacinacao-para-trabalhadores-da-saude-a-partir-dos-40-anos\/","title":{"rendered":"Petr\u00f3polis amplia vacina\u00e7\u00e3o para trabalhadores da sa\u00fade a partir dos 40 anos"},"content":{"rendered":"\n<p>Cadastro para este p\u00fablico j\u00e1 est\u00e1 aberto e vacina\u00e7\u00e3o come\u00e7a nesta ter\u00e7a-feira na Casa de Educa\u00e7\u00e3o Visconde de Mau\u00e1<\/p>\n\n\n\n<p>A Secretaria de Sa\u00fade de Petr\u00f3polis abriu na noite desta segunda-feira (3) o cadastro para a vacina\u00e7\u00e3o de trabalhadores da Sa\u00fade acima de 40 anos. A vacina\u00e7\u00e3o deste grupo, que \u00e9 feita na Casa de Educa\u00e7\u00e3o Visconde de Mau\u00e1, come\u00e7a nesta ter\u00e7a-feira (4).<\/p>\n\n\n\n<p>\u201cEstamos seguindo as orienta\u00e7\u00f5es do Minist\u00e9rio da Sa\u00fade. As amplia\u00e7\u00f5es ser\u00e3o feitas de forma planejada, de acordo com a chegada de novos lotes de vacinas\u201d, explicou o prefeito interino Hingo Hammes.<\/p>\n\n\n\n<p>Para receber a dose do imunizante \u00e9 preciso fazer o cadastramento previamente no site da Prefeitura (www.petropolis.rj.gov.br) e, na hora de vacinar, apresentar documento original com foto e documento que comprove o exerc\u00edcio da respectiva atividade em estabelecimento de sa\u00fade.<\/p>\n\n\n\n<p>Como acontece com os idosos, a vacina\u00e7\u00e3o de trabalhadores da \u00e1rea de Sa\u00fade est\u00e1 sendo feita de forma escalonada por faixas et\u00e1rias, e seguir\u00e1 sendo ampliada de acordo com a chegada de novos lotes de vacinas, seguindo os crit\u00e9rios estabelecidos no Plano Nacional de Imuniza\u00e7\u00e3o \u2013 PNI.<\/p>\n\n\n\n<p>O secret\u00e1rio de Sa\u00fade, Alo\u00edsio Barbosa, frisa que a vacina\u00e7\u00e3o dos idosos continua de forma simult\u00e2nea. \u201cTemos feito um planejamento cuidadoso e refor\u00e7amos as equipes de vacina\u00e7\u00e3o. Temos hoje 10 pontos para vacinar idosos, e um ponto exclusivo no Centro, onde os trabalhadores da Sa\u00fade tamb\u00e9m s\u00e3o vacinados\u201d, destaca.<\/p>\n\n\n\n<p>Ap\u00f3s o cadastro, os dados sobre o agendamento podem ser consultados pelo endere\u00e7o eletr\u00f4nico: https:\/\/smspetropolis.net.br\/consultaVacina.html.<\/p>\n","protected":false},"excerpt":{"rendered":"<p>Cadastro para este p\u00fablico j\u00e1 est\u00e1 aberto e vacina\u00e7\u00e3o come\u00e7a nesta ter\u00e7a-feira na Casa de<\/p>\n","protected":false},"author":2,"featured_media":13884,"comment_status":"open","ping_status":"open","sticky":false,"template":"","format":"standard","meta":{"footnotes":""},"categories":[12],"tags":[],"class_list":["post-13883","post","type-post","status-publish","format-standard","has-post-thumbnail","hentry","category-cidade"],"_links":{"self":[{"href":"https:\/\/tvc16.com\/portal\/wp-json\/wp\/v2\/posts\/13883","targetHints":{"allow":["GET"]}}],"collection":[{"href":"https:\/\/tvc16.com\/portal\/wp-json\/wp\/v2\/posts"}],"about":[{"href":"https:\/\/tvc16.com\/portal\/wp-json\/wp\/v2\/types\/post"}],"author":[{"embeddable":true,"href":"https:\/\/tvc16.com\/portal\/wp-json\/wp\/v2\/users\/2"}],"replies":[{"embeddable":true,"href":"https:\/\/tvc16.com\/portal\/wp-json\/wp\/v2\/comments?post=13883"}],"version-history":[{"count":1,"href":"https:\/\/tvc16.com\/portal\/wp-json\/wp\/v2\/posts\/13883\/revisions"}],"predecessor-version":[{"id":13885,"href":"https:\/\/tvc16.com\/portal\/wp-json\/wp\/v2\/posts\/13883\/revisions\/13885"}],"wp:featuredmedia":[{"embeddable":true,"href":"https:\/\/tvc16.com\/portal\/wp-json\/wp\/v2\/media\/13884"}],"wp:attachment":[{"href":"https:\/\/tvc16.com\/portal\/wp-json\/wp\/v2\/media?parent=13883"}],"wp:term":[{"taxonomy":"category","embeddable":true,"href":"https:\/\/tvc16.com\/portal\/wp-json\/wp\/v2\/categories?post=13883"},{"taxonomy":"post_tag","embeddable":true,"href":"https:\/\/tvc16.com\/portal\/wp-json\/wp\/v2\/tags?post=13883"}],"curies":[{"name":"wp","href":"https:\/\/api.w.org\/{rel}","templated":true}]}}