{"id":13895,"date":"2021-05-04T11:17:59","date_gmt":"2021-05-04T14:17:59","guid":{"rendered":"https:\/\/tvc16.com\/portal\/?p=13895"},"modified":"2021-05-04T11:18:01","modified_gmt":"2021-05-04T14:18:01","slug":"rio-de-janeiro-comeca-a-aplicar-vacina-da-pfizer-contra-covid-19","status":"publish","type":"post","link":"https:\/\/tvc16.com\/portal\/2021\/05\/04\/rio-de-janeiro-comeca-a-aplicar-vacina-da-pfizer-contra-covid-19\/","title":{"rendered":"Rio de Janeiro come\u00e7a a aplicar vacina da Pfizer contra covid-19"},"content":{"rendered":"\n<h3 class=\"wp-block-heading\">Primeira remessa tem 46,8 mil doses<\/h3>\n\n\n\n<h3 class=\"wp-block-heading\">Por Akemi Nitahara \u2013 Rep\u00f3rter da Ag\u00eancia Brasil &#8211; Rio de Janeiro<\/h3>\n\n\n\n<p>A cidade do Rio de Janeiro inicia hoje (4) a vacina\u00e7\u00e3o contra a covid-19 com as doses da fabricante norte-americana Pfizer. A Secretaria de Estado de Sa\u00fade (SES) recebeu 46,8 mil doses na noite desta segunda-feira e, seguindo a orienta\u00e7\u00e3o do Minist\u00e9rio da Sa\u00fade, destinou todo o lote \u00e0 capital do estado.<img decoding=\"async\" src=\"https:\/\/agenciabrasil.ebc.com.br\/ebc.png?id=1408593&amp;o=node\"><img decoding=\"async\" src=\"https:\/\/agenciabrasil.ebc.com.br\/ebc.gif?id=1408593&amp;o=node\"><\/p>\n\n\n\n<p>Com isso, a Secretaria Municipal de Sa\u00fade (SMS) come\u00e7a a aplica\u00e7\u00e3o da primeira dose na Cl\u00ednica da Fam\u00edlia Est\u00e1cio de S\u00e1, no Rio Comprido, zona norte da cidade, seguindo o cronograma dos grupos priorit\u00e1rios.<\/p>\n\n\n\n<p>De acordo com o Programa Nacional de Imuniza\u00e7\u00f5es (PNI), a vacina contra a covid-19 ser\u00e1 aplicada em pessoas com comorbidades, gestantes e pu\u00e9rperas e pessoas com defici\u00eancia permanente.<\/p>\n\n\n\n<p>O intervalo entre a primeira e segunda doses da vacina da Pfizer \u00e9 de 12 semanas. O imunizante precisa ser armazenado entre -25\u00baC e -15\u00baC, podendo ficar at\u00e9 cinco dias sob uma temperatura entre 2\u00baC e 8\u00baC.<\/p>\n\n\n\n<p>Edi\u00e7\u00e3o: Kleber Sampaio<\/p>\n","protected":false},"excerpt":{"rendered":"<p>Primeira remessa tem 46,8 mil doses Por Akemi Nitahara \u2013 Rep\u00f3rter da Ag\u00eancia Brasil &#8211;<\/p>\n","protected":false},"author":2,"featured_media":13896,"comment_status":"open","ping_status":"open","sticky":false,"template":"","format":"standard","meta":{"footnotes":""},"categories":[17],"tags":[],"class_list":["post-13895","post","type-post","status-publish","format-standard","has-post-thumbnail","hentry","category-outras-noticias"],"_links":{"self":[{"href":"https:\/\/tvc16.com\/portal\/wp-json\/wp\/v2\/posts\/13895","targetHints":{"allow":["GET"]}}],"collection":[{"href":"https:\/\/tvc16.com\/portal\/wp-json\/wp\/v2\/posts"}],"about":[{"href":"https:\/\/tvc16.com\/portal\/wp-json\/wp\/v2\/types\/post"}],"author":[{"embeddable":true,"href":"https:\/\/tvc16.com\/portal\/wp-json\/wp\/v2\/users\/2"}],"replies":[{"embeddable":true,"href":"https:\/\/tvc16.com\/portal\/wp-json\/wp\/v2\/comments?post=13895"}],"version-history":[{"count":1,"href":"https:\/\/tvc16.com\/portal\/wp-json\/wp\/v2\/posts\/13895\/revisions"}],"predecessor-version":[{"id":13897,"href":"https:\/\/tvc16.com\/portal\/wp-json\/wp\/v2\/posts\/13895\/revisions\/13897"}],"wp:featuredmedia":[{"embeddable":true,"href":"https:\/\/tvc16.com\/portal\/wp-json\/wp\/v2\/media\/13896"}],"wp:attachment":[{"href":"https:\/\/tvc16.com\/portal\/wp-json\/wp\/v2\/media?parent=13895"}],"wp:term":[{"taxonomy":"category","embeddable":true,"href":"https:\/\/tvc16.com\/portal\/wp-json\/wp\/v2\/categories?post=13895"},{"taxonomy":"post_tag","embeddable":true,"href":"https:\/\/tvc16.com\/portal\/wp-json\/wp\/v2\/tags?post=13895"}],"curies":[{"name":"wp","href":"https:\/\/api.w.org\/{rel}","templated":true}]}}