{"id":13901,"date":"2021-05-04T11:20:28","date_gmt":"2021-05-04T14:20:28","guid":{"rendered":"https:\/\/tvc16.com\/portal\/?p=13901"},"modified":"2021-05-04T11:20:31","modified_gmt":"2021-05-04T14:20:31","slug":"ibama-e-autorizado-a-contratar-temporariamente-1-659-profissionais","status":"publish","type":"post","link":"https:\/\/tvc16.com\/portal\/2021\/05\/04\/ibama-e-autorizado-a-contratar-temporariamente-1-659-profissionais\/","title":{"rendered":"Ibama \u00e9 autorizado a contratar temporariamente 1.659 profissionais"},"content":{"rendered":"\n<h3 class=\"wp-block-heading\">Portaria foi publicada hoje no Di\u00e1rio Oficial<\/h3>\n\n\n\n<h4 class=\"wp-block-heading\">Por Pedro Peduzzi &#8211; Rep\u00f3rter da Ag\u00eancia Brasil &#8211; Bras\u00edlia<\/h4>\n\n\n\n<p>Portaria conjunta dos minist\u00e9rios da Economia e do Meio Ambiente publicada hoje (4) no&nbsp;<em><a href=\"https:\/\/www.in.gov.br\/en\/web\/dou\/-\/portaria-conjunta-sedgg\/me-mma-n-48-de-3-de-maio-de-2021-317633626\" target=\"_blank\" rel=\"noreferrer noopener\">Di\u00e1rio Oficial da Uni\u00e3o<\/a><\/em>&nbsp;autoriza o Instituto Brasileiro do Meio Ambiente e dos Recursos Naturais Renov\u00e1veis (Ibama) a contratar, por tempo determinado, at\u00e9 1.659 profissionais para o atendimento de emerg\u00eancias ambientais. Os contratos ter\u00e3o validade de at\u00e9 seis meses e o valor da remunera\u00e7\u00e3o ser\u00e1 definido pelo Ibama.<img decoding=\"async\" src=\"https:\/\/agenciabrasil.ebc.com.br\/ebc.png?id=1408597&amp;o=node\"><img decoding=\"async\" src=\"https:\/\/agenciabrasil.ebc.com.br\/ebc.gif?id=1408597&amp;o=node\"><\/p>\n\n\n\n<p>De acordo com a Portaria n\u00ba46, h\u00e1 previs\u00e3o para contratar at\u00e9 912 brigadistas; 160 chefes de esquadr\u00e3o; e 71 chefes de brigada, no caso das &#8220;brigadas normais&#8221;.&nbsp; J\u00e1 para as brigadas especializadas foi autorizada a contrata\u00e7\u00e3o de 393 brigadistas; 53 chefes de esquadr\u00e3o; e 25 chefes de brigada.<\/p>\n\n\n\n<p>Ser\u00e3o contratados tamb\u00e9m 40 gerentes estaduais e cinco gerentes federais.<\/p>\n\n\n\n<p>Edi\u00e7\u00e3o: Val\u00e9ria Aguiar<\/p>\n","protected":false},"excerpt":{"rendered":"<p>Portaria foi publicada hoje no Di\u00e1rio Oficial Por Pedro Peduzzi &#8211; Rep\u00f3rter da Ag\u00eancia Brasil<\/p>\n","protected":false},"author":2,"featured_media":13902,"comment_status":"open","ping_status":"open","sticky":false,"template":"","format":"standard","meta":{"footnotes":""},"categories":[17],"tags":[],"class_list":["post-13901","post","type-post","status-publish","format-standard","has-post-thumbnail","hentry","category-outras-noticias"],"_links":{"self":[{"href":"https:\/\/tvc16.com\/portal\/wp-json\/wp\/v2\/posts\/13901","targetHints":{"allow":["GET"]}}],"collection":[{"href":"https:\/\/tvc16.com\/portal\/wp-json\/wp\/v2\/posts"}],"about":[{"href":"https:\/\/tvc16.com\/portal\/wp-json\/wp\/v2\/types\/post"}],"author":[{"embeddable":true,"href":"https:\/\/tvc16.com\/portal\/wp-json\/wp\/v2\/users\/2"}],"replies":[{"embeddable":true,"href":"https:\/\/tvc16.com\/portal\/wp-json\/wp\/v2\/comments?post=13901"}],"version-history":[{"count":1,"href":"https:\/\/tvc16.com\/portal\/wp-json\/wp\/v2\/posts\/13901\/revisions"}],"predecessor-version":[{"id":13903,"href":"https:\/\/tvc16.com\/portal\/wp-json\/wp\/v2\/posts\/13901\/revisions\/13903"}],"wp:featuredmedia":[{"embeddable":true,"href":"https:\/\/tvc16.com\/portal\/wp-json\/wp\/v2\/media\/13902"}],"wp:attachment":[{"href":"https:\/\/tvc16.com\/portal\/wp-json\/wp\/v2\/media?parent=13901"}],"wp:term":[{"taxonomy":"category","embeddable":true,"href":"https:\/\/tvc16.com\/portal\/wp-json\/wp\/v2\/categories?post=13901"},{"taxonomy":"post_tag","embeddable":true,"href":"https:\/\/tvc16.com\/portal\/wp-json\/wp\/v2\/tags?post=13901"}],"curies":[{"name":"wp","href":"https:\/\/api.w.org\/{rel}","templated":true}]}}