{"id":13904,"date":"2021-05-04T11:21:15","date_gmt":"2021-05-04T14:21:15","guid":{"rendered":"https:\/\/tvc16.com\/portal\/?p=13904"},"modified":"2021-05-04T11:21:17","modified_gmt":"2021-05-04T14:21:17","slug":"covid-19-estado-do-rio-prorroga-medidas-de-restricao-ate-dia-18","status":"publish","type":"post","link":"https:\/\/tvc16.com\/portal\/2021\/05\/04\/covid-19-estado-do-rio-prorroga-medidas-de-restricao-ate-dia-18\/","title":{"rendered":"Covid-19: estado do Rio prorroga medidas de restri\u00e7\u00e3o at\u00e9 dia 18"},"content":{"rendered":"\n<h3 class=\"wp-block-heading\">Decreto com a prorroga\u00e7\u00e3o foi publicado hoje<\/h3>\n\n\n\n<h4 class=\"wp-block-heading\">Por Akemi Nitahara \u2013 Rep\u00f3rter da Ag\u00eancia Brasil &#8211; Rio de Janeiro<\/h4>\n\n\n\n<p>Foi publicado na edi\u00e7\u00e3o de hoje (4) do&nbsp;<em>Di\u00e1rio Oficial<\/em>&nbsp;do estado do Rio de Janeiro o&nbsp;<a href=\"http:\/\/www.ioerj.com.br\/portal\/modules\/conteudoonline\/mostra_edicao.php?session=VWxWTk5VMTZSa1JPVlVsMFRsUlpkMDVwTURCT2EwcEVURlZGZUZGclVYUk9WRkY1VW10UmVsSlZXVFJQVkVVMVRWUlplVTFFUlhsT2VsVXdUVkU5UFE9PQ==\" target=\"_blank\" rel=\"noreferrer noopener\">Decreto n\u00b0 47.594<\/a>, que prorroga as medidas de restri\u00e7\u00e3o para conter a propaga\u00e7\u00e3o do novo coronav\u00edrus at\u00e9 o dia 18 de maio. A situa\u00e7\u00e3o de emerg\u00eancia no estado foi reconhecida em decreto no dia 16 de mar\u00e7o de 2020.<img decoding=\"async\" src=\"https:\/\/agenciabrasil.ebc.com.br\/ebc.png?id=1408599&amp;o=node\"><img decoding=\"async\" src=\"https:\/\/agenciabrasil.ebc.com.br\/ebc.gif?id=1408599&amp;o=node\"><\/p>\n\n\n\n<p>Continuam suspensas as atividades de casas de&nbsp;<em>show<\/em>, espet\u00e1culos, boates e arenas, espa\u00e7os de recrea\u00e7\u00e3o e casas de festa infantis. Est\u00e3o permitidas com restri\u00e7\u00e3o de capacidade os eventos de neg\u00f3cios, como feiras, exposi\u00e7\u00f5es, eventos corporativos, congressos, encontros, semin\u00e1rios, confer\u00eancias e&nbsp;<em>workshops<\/em>.<\/p>\n\n\n\n<p>Tamb\u00e9m podem ocorrer com capacidade reduzida eventos sociais como casamentos, formaturas, confraterniza\u00e7\u00f5es e coquet\u00e9is, bem como eventos em ambientes abertos como parques e pra\u00e7as. Est\u00e3o permitidas as atividades esportivas individuais ao ar livre e as de alto rendimento sem a presen\u00e7a de p\u00fablico.<\/p>\n\n\n\n<p>Bares, restaurantes, lanchonetes e cong\u00eaneres podem funcionar com at\u00e9 40% da capacidade de atendimento ao p\u00fablico, assim como os&nbsp;<em>shoppings centers<\/em>. As feiras livres de g\u00eaneros aliment\u00edcios devem respeitar o distanciamento de 1,5 metro entre as barracas e disponibilizar prepara\u00e7\u00f5es sanitizantes aos clientes e feirantes.<\/p>\n\n\n\n<p>Est\u00e3o autorizados os sal\u00f5es de beleza e barbearias com agendamento dos clientes, o com\u00e9rcio de rua e galerias, vendedores ambulantes autorizados, hot\u00e9is e pousadas e as academias com at\u00e9 40% da capacidade. Museus, galerias de arte, bibliotecas, cinemas, salas de concerto e zool\u00f3gicos podem funcionar at\u00e9 as 22h, com planejamento para acesso e sa\u00edda do p\u00fablico de modo a evitar aglomera\u00e7\u00f5es.<\/p>\n\n\n\n<p>Est\u00e3o vedadas as rodas de samba, rodas de rima, atividades em quadras de escolas de samba e nas sedes dos blocos carnavalescos.<\/p>\n\n\n\n<p>O uso de m\u00e1scara \u00e9 obrigat\u00f3rio em locais p\u00fablicos, como transporte coletivo, ruas, parques e hospitais, bem como em ambientes privados de acesso p\u00fablico, como supermercados, farm\u00e1cias e ag\u00eancias banc\u00e1rias.<\/p>\n\n\n\n<p>Permanece suspensa a visita a pacientes com covid-19 internados na rede p\u00fablica e privada.<\/p>\n\n\n\n<p>Edi\u00e7\u00e3o: Denise Griesinger<\/p>\n","protected":false},"excerpt":{"rendered":"<p>Decreto com a prorroga\u00e7\u00e3o foi publicado hoje Por Akemi Nitahara \u2013 Rep\u00f3rter da Ag\u00eancia Brasil<\/p>\n","protected":false},"author":2,"featured_media":13905,"comment_status":"open","ping_status":"open","sticky":false,"template":"","format":"standard","meta":{"footnotes":""},"categories":[17],"tags":[],"class_list":["post-13904","post","type-post","status-publish","format-standard","has-post-thumbnail","hentry","category-outras-noticias"],"_links":{"self":[{"href":"https:\/\/tvc16.com\/portal\/wp-json\/wp\/v2\/posts\/13904","targetHints":{"allow":["GET"]}}],"collection":[{"href":"https:\/\/tvc16.com\/portal\/wp-json\/wp\/v2\/posts"}],"about":[{"href":"https:\/\/tvc16.com\/portal\/wp-json\/wp\/v2\/types\/post"}],"author":[{"embeddable":true,"href":"https:\/\/tvc16.com\/portal\/wp-json\/wp\/v2\/users\/2"}],"replies":[{"embeddable":true,"href":"https:\/\/tvc16.com\/portal\/wp-json\/wp\/v2\/comments?post=13904"}],"version-history":[{"count":1,"href":"https:\/\/tvc16.com\/portal\/wp-json\/wp\/v2\/posts\/13904\/revisions"}],"predecessor-version":[{"id":13906,"href":"https:\/\/tvc16.com\/portal\/wp-json\/wp\/v2\/posts\/13904\/revisions\/13906"}],"wp:featuredmedia":[{"embeddable":true,"href":"https:\/\/tvc16.com\/portal\/wp-json\/wp\/v2\/media\/13905"}],"wp:attachment":[{"href":"https:\/\/tvc16.com\/portal\/wp-json\/wp\/v2\/media?parent=13904"}],"wp:term":[{"taxonomy":"category","embeddable":true,"href":"https:\/\/tvc16.com\/portal\/wp-json\/wp\/v2\/categories?post=13904"},{"taxonomy":"post_tag","embeddable":true,"href":"https:\/\/tvc16.com\/portal\/wp-json\/wp\/v2\/tags?post=13904"}],"curies":[{"name":"wp","href":"https:\/\/api.w.org\/{rel}","templated":true}]}}