{"id":13907,"date":"2021-05-04T11:22:02","date_gmt":"2021-05-04T14:22:02","guid":{"rendered":"https:\/\/tvc16.com\/portal\/?p=13907"},"modified":"2021-05-04T11:22:04","modified_gmt":"2021-05-04T14:22:04","slug":"onu-condena-uso-excessivo-de-forca-durante-protestos-na-colombia","status":"publish","type":"post","link":"https:\/\/tvc16.com\/portal\/2021\/05\/04\/onu-condena-uso-excessivo-de-forca-durante-protestos-na-colombia\/","title":{"rendered":"ONU condena uso excessivo de for\u00e7a durante protestos na Col\u00f4mbia"},"content":{"rendered":"\n<h3 class=\"wp-block-heading\">Manifestantes foram \u00e0s ruas contra a proposta de reforma tribut\u00e1ria<\/h3>\n\n\n\n<h4 class=\"wp-block-heading\">Por RTP &#8211; Bogot\u00e1<\/h4>\n\n\n\n<p>A Organiza\u00e7\u00e3o das Na\u00e7\u00f5es Unidas (ONU) condenaram hoje (4) veementemente &#8220;o uso excessivo de for\u00e7a&#8221; pela pol\u00edcia&nbsp;durante manifesta\u00e7\u00f5es na Col\u00f4mbia contra uma reforma tribut\u00e1ria, especialmente em Cali, no oeste do pa\u00eds.<img decoding=\"async\" src=\"https:\/\/agenciabrasil.ebc.com.br\/ebc.png?id=1408601&amp;o=node\"><img decoding=\"async\" src=\"https:\/\/agenciabrasil.ebc.com.br\/ebc.gif?id=1408601&amp;o=node\"><\/p>\n\n\n\n<p>&#8220;Estamos profundamente alarmados com os acontecimentos na cidade de Cali, na Col\u00f4mbia, onde a pol\u00edcia abriu fogo contra manifestantes que se op\u00f5em \u00e0 reforma tribut\u00e1ria, matando e ferindo v\u00e1rias pessoas de acordo com as informa\u00e7\u00f5es dispon\u00edveis&#8221;, disse Marta Hurtado, porta voz da alta comiss\u00e1ria para os Direitos Humanos da ONU, em entrevista em Genebra.<\/p>\n\n\n\n<p>Ela pediu calma antes de um novo dia de manifesta\u00e7\u00f5es programado para esta&nbsp;quarta-feira (5).<\/p>\n\n\n\n<p>&#8220;O nosso escrit\u00f3rio na Col\u00f4mbia est\u00e1 verificando&nbsp;o n\u00famero exato de v\u00edtimas e determinando&nbsp;como esse terr\u00edvel incidente aconteceu em Cali&#8221;, disse a porta-voz, acrescentando que os defensores dos direitos humanos tamb\u00e9m relataram amea\u00e7as e ass\u00e9dio.<\/p>\n\n\n\n<p>&#8220;Devido \u00e0s tens\u00f5es extremas, com soldados e policiais&nbsp;encarregados de controlar as manifesta\u00e7\u00f5es, pedimos calma e&nbsp;lembramos \u00e0s autoridades governamentais que elas devem proteger os direitos humanos&#8221;, incluindo o direito ao protesto pac\u00edfico.&nbsp;&#8220;As armas de fogo devem ser usadas apenas como \u00faltimo recurso&#8221;, afirmou Marta.&nbsp;<\/p>\n\n\n\n<p>Um levantamento oficial indicou 19 mortos, incluindo um policial, e quase 850 feridos, sendo 306 civis.<\/p>\n\n\n\n<p>Sob press\u00e3o das manifesta\u00e7\u00f5es&nbsp;maci\u00e7as,&nbsp;e que se repetiram nos dias seguintes com intensidade&nbsp;vari\u00e1vel, o presidente colombiano, Ivan Duque, anunciou no domingo (2) \u00e0 noite que vai deixar a reforma fiscal em aprecia\u00e7\u00e3o no Parlamento.<\/p>\n\n\n\n<p>O projeto tem despertado fortes cr\u00edticas, tanto da oposi\u00e7\u00e3o quanto&nbsp;dos sindicatos que organizaram a mobiliza\u00e7\u00e3o de 28 de abril e at\u00e9 de representantes do partido no poder, por acreditarem que a reforma ir\u00e1 afetar em demasiadamente&nbsp;a classe m\u00e9dia.<\/p>\n\n\n\n<p>A reforma fiscal&nbsp;tamb\u00e9m \u00e9 considerada &#8220;inoportuna&#8221; em plena pandemia de covid-19, que agravou a crise econ\u00f4mica no pa\u00eds.<\/p>\n\n\n\n<p>Ivan Duque prop\u00f4s retirar o plano original e redigir um novo texto, anulando os principais pontos contestados: o aumento do Imposto sobre o Valor Acrescentado (IVA) sobre bens e servi\u00e7os, bem como a amplia\u00e7\u00e3o da base do Imposto sobre o Rendimento (IRS).<\/p>\n\n\n\n<p>Apesar do an\u00fancio de&nbsp;retirada da proposta, os manifestantes voltaram \u00e0s ruas em v\u00e1rias cidades do pa\u00eds.<\/p>\n","protected":false},"excerpt":{"rendered":"<p>Manifestantes foram \u00e0s ruas contra a proposta de reforma tribut\u00e1ria Por RTP &#8211; Bogot\u00e1 A<\/p>\n","protected":false},"author":2,"featured_media":13908,"comment_status":"open","ping_status":"open","sticky":false,"template":"","format":"standard","meta":{"footnotes":""},"categories":[17],"tags":[],"class_list":["post-13907","post","type-post","status-publish","format-standard","has-post-thumbnail","hentry","category-outras-noticias"],"_links":{"self":[{"href":"https:\/\/tvc16.com\/portal\/wp-json\/wp\/v2\/posts\/13907","targetHints":{"allow":["GET"]}}],"collection":[{"href":"https:\/\/tvc16.com\/portal\/wp-json\/wp\/v2\/posts"}],"about":[{"href":"https:\/\/tvc16.com\/portal\/wp-json\/wp\/v2\/types\/post"}],"author":[{"embeddable":true,"href":"https:\/\/tvc16.com\/portal\/wp-json\/wp\/v2\/users\/2"}],"replies":[{"embeddable":true,"href":"https:\/\/tvc16.com\/portal\/wp-json\/wp\/v2\/comments?post=13907"}],"version-history":[{"count":1,"href":"https:\/\/tvc16.com\/portal\/wp-json\/wp\/v2\/posts\/13907\/revisions"}],"predecessor-version":[{"id":13909,"href":"https:\/\/tvc16.com\/portal\/wp-json\/wp\/v2\/posts\/13907\/revisions\/13909"}],"wp:featuredmedia":[{"embeddable":true,"href":"https:\/\/tvc16.com\/portal\/wp-json\/wp\/v2\/media\/13908"}],"wp:attachment":[{"href":"https:\/\/tvc16.com\/portal\/wp-json\/wp\/v2\/media?parent=13907"}],"wp:term":[{"taxonomy":"category","embeddable":true,"href":"https:\/\/tvc16.com\/portal\/wp-json\/wp\/v2\/categories?post=13907"},{"taxonomy":"post_tag","embeddable":true,"href":"https:\/\/tvc16.com\/portal\/wp-json\/wp\/v2\/tags?post=13907"}],"curies":[{"name":"wp","href":"https:\/\/api.w.org\/{rel}","templated":true}]}}