{"id":13913,"date":"2021-05-04T11:23:31","date_gmt":"2021-05-04T14:23:31","guid":{"rendered":"https:\/\/tvc16.com\/portal\/?p=13913"},"modified":"2021-05-04T11:23:32","modified_gmt":"2021-05-04T14:23:32","slug":"inflacao-na-saida-das-fabricas-fica-em-478-em-marco-diz-ibge","status":"publish","type":"post","link":"https:\/\/tvc16.com\/portal\/2021\/05\/04\/inflacao-na-saida-das-fabricas-fica-em-478-em-marco-diz-ibge\/","title":{"rendered":"Infla\u00e7\u00e3o na sa\u00edda das f\u00e1bricas fica em 4,78% em mar\u00e7o, diz IBGE"},"content":{"rendered":"\n<h3 class=\"wp-block-heading\">\u00c9 a segunda alta mensal do indicador desde janeiro de 2014<\/h3>\n\n\n\n<h4 class=\"wp-block-heading\">Por Vitor Abdala &#8211; Rep\u00f3rter da Ag\u00eancia Brasil &#8211; undefined<\/h4>\n\n\n\n<p>O \u00cdndice de Pre\u00e7os ao Produtor (IPP), que mede a varia\u00e7\u00e3o de pre\u00e7os de produtos industrializados na sa\u00edda das f\u00e1bricas, registrou infla\u00e7\u00e3o de 4,78% em mar\u00e7o deste ano. Essa \u00e9&nbsp;a segunda maior alta mensal do indicador desde janeiro de 2014, segundo o Instituto Brasileiro de Geografia e Estat\u00edstica (IBGE), ficando atr\u00e1s apenas&nbsp;de fevereiro&nbsp;deste ano (5,16%).<img decoding=\"async\" src=\"https:\/\/agenciabrasil.ebc.com.br\/ebc.png?id=1408603&amp;o=node\"><img decoding=\"async\" src=\"https:\/\/agenciabrasil.ebc.com.br\/ebc.gif?id=1408603&amp;o=node\"><\/p>\n\n\n\n<p>O IPP acumula taxa de 14,09% no ano. Em 12 meses, a infla\u00e7\u00e3o acumulada chega a 33,52%, um \u00edndice recorde de acordo com os dados divulgados&nbsp;hoje&nbsp;(4).<\/p>\n\n\n\n<p>Em mar\u00e7o deste ano, 23 das 24 atividades industriais&nbsp; tiveram aumento&nbsp;no pre\u00e7o de seus produtos. A exce\u00e7\u00e3o ficou com o setor de bebidas, que teve defla\u00e7\u00e3o (queda de pre\u00e7os) de 0,48% em mar\u00e7o.<\/p>\n\n\n\n<p>As principais altas de pre\u00e7os foram observadas nos segmentos de derivados de petr\u00f3leo (16,77%), outros qu\u00edmicos (8,79%), alimentos (2,41%) e ve\u00edculos (1,43%).<\/p>\n\n\n\n<p>Entre as quatro grandes categorias econ\u00f4micas da ind\u00fastria, a maior infla\u00e7\u00e3o foi observada nos bens intermedi\u00e1rios, isto \u00e9, os insumos industrializados usados no setor produtivo (5,70%), seguidos pelos bens de consumo semi e n\u00e3o dur\u00e1veis (4,27%). Os bens de capital, isto \u00e9, as m\u00e1quinas e equipamentos usados no setor produtivo tiveram alta de 2,95%, enquanto os bens de consumo dur\u00e1veis registraram taxa de 0,45%.<\/p>\n\n\n\n<p>Edi\u00e7\u00e3o: Maria Claudia<\/p>\n","protected":false},"excerpt":{"rendered":"<p>\u00c9 a segunda alta mensal do indicador desde janeiro de 2014 Por Vitor Abdala &#8211;<\/p>\n","protected":false},"author":2,"featured_media":13914,"comment_status":"open","ping_status":"open","sticky":false,"template":"","format":"standard","meta":{"footnotes":""},"categories":[17],"tags":[],"class_list":["post-13913","post","type-post","status-publish","format-standard","has-post-thumbnail","hentry","category-outras-noticias"],"_links":{"self":[{"href":"https:\/\/tvc16.com\/portal\/wp-json\/wp\/v2\/posts\/13913","targetHints":{"allow":["GET"]}}],"collection":[{"href":"https:\/\/tvc16.com\/portal\/wp-json\/wp\/v2\/posts"}],"about":[{"href":"https:\/\/tvc16.com\/portal\/wp-json\/wp\/v2\/types\/post"}],"author":[{"embeddable":true,"href":"https:\/\/tvc16.com\/portal\/wp-json\/wp\/v2\/users\/2"}],"replies":[{"embeddable":true,"href":"https:\/\/tvc16.com\/portal\/wp-json\/wp\/v2\/comments?post=13913"}],"version-history":[{"count":1,"href":"https:\/\/tvc16.com\/portal\/wp-json\/wp\/v2\/posts\/13913\/revisions"}],"predecessor-version":[{"id":13915,"href":"https:\/\/tvc16.com\/portal\/wp-json\/wp\/v2\/posts\/13913\/revisions\/13915"}],"wp:featuredmedia":[{"embeddable":true,"href":"https:\/\/tvc16.com\/portal\/wp-json\/wp\/v2\/media\/13914"}],"wp:attachment":[{"href":"https:\/\/tvc16.com\/portal\/wp-json\/wp\/v2\/media?parent=13913"}],"wp:term":[{"taxonomy":"category","embeddable":true,"href":"https:\/\/tvc16.com\/portal\/wp-json\/wp\/v2\/categories?post=13913"},{"taxonomy":"post_tag","embeddable":true,"href":"https:\/\/tvc16.com\/portal\/wp-json\/wp\/v2\/tags?post=13913"}],"curies":[{"name":"wp","href":"https:\/\/api.w.org\/{rel}","templated":true}]}}