{"id":13916,"date":"2021-05-04T11:24:20","date_gmt":"2021-05-04T14:24:20","guid":{"rendered":"https:\/\/tvc16.com\/portal\/?p=13916"},"modified":"2021-05-04T11:24:22","modified_gmt":"2021-05-04T14:24:22","slug":"cpi-da-pandemia-inicia-hoje-depoimentos-ouvindo-mandetta-e-teich","status":"publish","type":"post","link":"https:\/\/tvc16.com\/portal\/2021\/05\/04\/cpi-da-pandemia-inicia-hoje-depoimentos-ouvindo-mandetta-e-teich\/","title":{"rendered":"CPI da Pandemia inicia hoje depoimentos ouvindo Mandetta e Teich"},"content":{"rendered":"\n<h3 class=\"wp-block-heading\">Ex-ministros falar\u00e3o na condi\u00e7\u00e3o de testemunhas<\/h3>\n\n\n\n<h4 class=\"wp-block-heading\">Por Karine Melo &#8211; Rep\u00f3rter da Ag\u00eancia Brasil &#8211; Bras\u00edlia<\/h4>\n\n\n\n<p>A Comiss\u00e3o Parlamentar de Inqu\u00e9rito (CPI) da Pandemia do Senado come\u00e7a a ouvir nesta ter\u00e7a-feira (4), de forma semipresencial, os primeiros depoimentos de ex-ministros da Sa\u00fade. Ser\u00e3o ouvidos Luiz Henrique Mandetta e Nelson Teich, respectivamente, a partir das 10h e das 14h.&nbsp;<img decoding=\"async\" src=\"https:\/\/agenciabrasil.ebc.com.br\/ebc.png?id=1408602&amp;o=node\"><img decoding=\"async\" src=\"https:\/\/agenciabrasil.ebc.com.br\/ebc.gif?id=1408602&amp;o=node\"><\/p>\n\n\n\n<p>Ambos estar\u00e3o presencialmente na sala da CPI e ser\u00e3o ouvidos na condi\u00e7\u00e3o de testemunhas. Mandetta deixou o cargo ainda no in\u00edcio da pandemia, em meados de abril de 2020. \u00c0 \u00e9poca, o Brasil registrava 1.924 mortes. J\u00e1 o m\u00e9dico Nelson Teich, que sucedeu Mandetta, ficou menos de um m\u00eas no minist\u00e9rio.<\/p>\n\n\n\n<h2 class=\"wp-block-heading\">Rito<\/h2>\n\n\n\n<p>A expectativa \u00e9 que a primeira parte da reuni\u00e3o de hoje se estenda at\u00e9 a tarde e atrase o hor\u00e1rio de Teich. Mandetta responder\u00e1, primeiramente, a questionamentos elaborados pelo relator, senador Renan Calheiros (MDB\/AL), que tem prioridade para fazer as perguntas e tempo livre para isso. Pelo menos 50 quest\u00f5es foram preparadas pelo senador.&nbsp;<\/p>\n\n\n\n<p>Na sequ\u00eancia, os demais senadores membros titulares, suplentes e at\u00e9 os n\u00e3o membros da CPI ter\u00e3o cinco minutos para fazer perguntas. O depoente tem outros cinco minutos para responder. Para r\u00e9plica e tr\u00e9plica ser\u00e3o destinados outros tr\u00eas minutos aos parlamentares.<\/p>\n\n\n\n<h2 class=\"wp-block-heading\">Semana<\/h2>\n\n\n\n<p>Pelo cronograma aprovado na semana passada, amanh\u00e3 o dia ser\u00e1 todo dedicado a ouvir o general Eduardo Pazuello, que esteve por mais tempo no comando do Minist\u00e9rio da Sa\u00fade desde o in\u00edcio da pandemia. Na quinta-feira, ser\u00e1 a vez do atual ministro, o cardiologista Marcelo Queiroga. No mesmo dia, os senadores tamb\u00e9m ouvir\u00e3o o diretor-presidente da Ag\u00eancia Nacional de Vigil\u00e2ncia Sanit\u00e1ria (Anvisa), Antonio Barra Torres.<\/p>\n\n\n\n<h2 class=\"wp-block-heading\">Hist\u00f3rico<\/h2>\n\n\n\n<p><a href=\"http:\/\/agenciabrasil.ebc.com.br\/politica\/noticia\/2021-04\/cpi-da-pandemia-e-instalada-e-renan-calheiros-e-confirmado-relator\" target=\"_blank\" rel=\"noreferrer noopener\">A CPI da Pandemia<\/a>, instalada na semana passada, foi criada para apurar a\u00e7\u00f5es e poss\u00edveis omiss\u00f5es do governo federal durante a pandemia da covid-19. Os repasses da Uni\u00e3o feitos para estados e munic\u00edpios tamb\u00e9m est\u00e3o na mira dos parlamentares.<\/p>\n\n\n\n<p>Edi\u00e7\u00e3o: Kleber Sampaio<\/p>\n","protected":false},"excerpt":{"rendered":"<p>Ex-ministros falar\u00e3o na condi\u00e7\u00e3o de testemunhas Por Karine Melo &#8211; Rep\u00f3rter da Ag\u00eancia Brasil &#8211;<\/p>\n","protected":false},"author":2,"featured_media":13917,"comment_status":"open","ping_status":"open","sticky":false,"template":"","format":"standard","meta":{"footnotes":""},"categories":[17],"tags":[],"class_list":["post-13916","post","type-post","status-publish","format-standard","has-post-thumbnail","hentry","category-outras-noticias"],"_links":{"self":[{"href":"https:\/\/tvc16.com\/portal\/wp-json\/wp\/v2\/posts\/13916","targetHints":{"allow":["GET"]}}],"collection":[{"href":"https:\/\/tvc16.com\/portal\/wp-json\/wp\/v2\/posts"}],"about":[{"href":"https:\/\/tvc16.com\/portal\/wp-json\/wp\/v2\/types\/post"}],"author":[{"embeddable":true,"href":"https:\/\/tvc16.com\/portal\/wp-json\/wp\/v2\/users\/2"}],"replies":[{"embeddable":true,"href":"https:\/\/tvc16.com\/portal\/wp-json\/wp\/v2\/comments?post=13916"}],"version-history":[{"count":1,"href":"https:\/\/tvc16.com\/portal\/wp-json\/wp\/v2\/posts\/13916\/revisions"}],"predecessor-version":[{"id":13918,"href":"https:\/\/tvc16.com\/portal\/wp-json\/wp\/v2\/posts\/13916\/revisions\/13918"}],"wp:featuredmedia":[{"embeddable":true,"href":"https:\/\/tvc16.com\/portal\/wp-json\/wp\/v2\/media\/13917"}],"wp:attachment":[{"href":"https:\/\/tvc16.com\/portal\/wp-json\/wp\/v2\/media?parent=13916"}],"wp:term":[{"taxonomy":"category","embeddable":true,"href":"https:\/\/tvc16.com\/portal\/wp-json\/wp\/v2\/categories?post=13916"},{"taxonomy":"post_tag","embeddable":true,"href":"https:\/\/tvc16.com\/portal\/wp-json\/wp\/v2\/tags?post=13916"}],"curies":[{"name":"wp","href":"https:\/\/api.w.org\/{rel}","templated":true}]}}