{"id":13919,"date":"2021-05-04T17:11:47","date_gmt":"2021-05-04T20:11:47","guid":{"rendered":"https:\/\/tvc16.com\/portal\/?p=13919"},"modified":"2021-05-04T17:11:49","modified_gmt":"2021-05-04T20:11:49","slug":"comissao-para-elaboracao-do-programa-municipal-de-educacao-ambiental-e-criada-em-petropolis","status":"publish","type":"post","link":"https:\/\/tvc16.com\/portal\/2021\/05\/04\/comissao-para-elaboracao-do-programa-municipal-de-educacao-ambiental-e-criada-em-petropolis\/","title":{"rendered":"Comiss\u00e3o para elabora\u00e7\u00e3o do Programa Municipal de Educa\u00e7\u00e3o Ambiental \u00e9 criada em Petr\u00f3polis"},"content":{"rendered":"\n<p>O prefeito interino Hingo Hammes sancionou a lei criando uma comiss\u00e3o para elabora\u00e7\u00e3o do Programa Municipal de Educa\u00e7\u00e3o Ambiental (ProMEA). O objetivo \u00e9 garantir o desenvolvimento continuado do assunto nas escolas da rede, promovendo h\u00e1bitos de produ\u00e7\u00e3o e de consumo em sintonia o ecossistema de Petr\u00f3polis. Al\u00e9m disso, o ProMea conta no \u00cdndice de Qualidade do Sistema de Meio Ambiente, aumentando a pontua\u00e7\u00e3o da cidade no ICMS Verde.<\/p>\n\n\n\n<p>Participam da comiss\u00e3o representantes da prefeitura, c\u00e2mara de vereadores, sociedade civil organizada e governan\u00e7a municipal &#8211; atrav\u00e9s do Conselho Municipal de Meio Ambiente (Condema). Em conjunto com esses agentes, o setor de educa\u00e7\u00e3o ambiental da Secretaria de Meio Ambiente vai conduzir o processo de cria\u00e7\u00e3o do ProMea.<\/p>\n\n\n\n<p>O prefeito interino Hingo Hammes ressaltou que os participantes dessa comiss\u00e3o n\u00e3o receber\u00e3o qualquer gratifica\u00e7\u00e3o. &#8220;A participa\u00e7\u00e3o ser\u00e1 de forma volunt\u00e1ria. Essa \u00e9 uma a\u00e7\u00e3o com alta relev\u00e2ncia p\u00fablica e fundamental para o futuro da nossa cidade&#8221;, destacou.<\/p>\n\n\n\n<p>A lei foi publicada no Di\u00e1rio Oficial (DO) do dia 3 de maio e est\u00e1 dispon\u00edvel no site da prefeitura (www.petropolis.rj.gov.br). Recentemente, o prefeito interino sancionou a lei que cria o Fundo Municipal de Conserva\u00e7\u00e3o Ambiental (FMCA), um passo importante passo para garantir mais recursos para a \u00e1rea de meio ambiente no munic\u00edpio.<\/p>\n\n\n\n<p>&#8220;Com todos esses avan\u00e7os, vamos aumentar a pontua\u00e7\u00e3o no ICMS Verde e aumentar a arrecada\u00e7\u00e3o do munic\u00edpio&#8221;, garante Hingo Hammes. &#8220;Importante ressaltar a participa\u00e7\u00e3o do Conselho do Meio Ambiente nessas novidades. Esse trabalho em conjunto vai trazer outras novidades no futuro, como a atualiza\u00e7\u00e3o do c\u00f3digo ambiental, por exemplo&#8221;, lembra Edmardo Campbell, secret\u00e1rio de Meio Ambiente.<\/p>\n","protected":false},"excerpt":{"rendered":"<p>O prefeito interino Hingo Hammes sancionou a lei criando uma comiss\u00e3o para elabora\u00e7\u00e3o do Programa<\/p>\n","protected":false},"author":2,"featured_media":13596,"comment_status":"open","ping_status":"open","sticky":false,"template":"","format":"standard","meta":{"footnotes":""},"categories":[12],"tags":[],"class_list":["post-13919","post","type-post","status-publish","format-standard","has-post-thumbnail","hentry","category-cidade"],"_links":{"self":[{"href":"https:\/\/tvc16.com\/portal\/wp-json\/wp\/v2\/posts\/13919","targetHints":{"allow":["GET"]}}],"collection":[{"href":"https:\/\/tvc16.com\/portal\/wp-json\/wp\/v2\/posts"}],"about":[{"href":"https:\/\/tvc16.com\/portal\/wp-json\/wp\/v2\/types\/post"}],"author":[{"embeddable":true,"href":"https:\/\/tvc16.com\/portal\/wp-json\/wp\/v2\/users\/2"}],"replies":[{"embeddable":true,"href":"https:\/\/tvc16.com\/portal\/wp-json\/wp\/v2\/comments?post=13919"}],"version-history":[{"count":1,"href":"https:\/\/tvc16.com\/portal\/wp-json\/wp\/v2\/posts\/13919\/revisions"}],"predecessor-version":[{"id":13920,"href":"https:\/\/tvc16.com\/portal\/wp-json\/wp\/v2\/posts\/13919\/revisions\/13920"}],"wp:featuredmedia":[{"embeddable":true,"href":"https:\/\/tvc16.com\/portal\/wp-json\/wp\/v2\/media\/13596"}],"wp:attachment":[{"href":"https:\/\/tvc16.com\/portal\/wp-json\/wp\/v2\/media?parent=13919"}],"wp:term":[{"taxonomy":"category","embeddable":true,"href":"https:\/\/tvc16.com\/portal\/wp-json\/wp\/v2\/categories?post=13919"},{"taxonomy":"post_tag","embeddable":true,"href":"https:\/\/tvc16.com\/portal\/wp-json\/wp\/v2\/tags?post=13919"}],"curies":[{"name":"wp","href":"https:\/\/api.w.org\/{rel}","templated":true}]}}