{"id":13921,"date":"2021-05-04T17:13:22","date_gmt":"2021-05-04T20:13:22","guid":{"rendered":"https:\/\/tvc16.com\/portal\/?p=13921"},"modified":"2021-05-04T17:13:24","modified_gmt":"2021-05-04T20:13:24","slug":"prefeito-interino-hingo-hammes-assina-lei-do-castramovel","status":"publish","type":"post","link":"https:\/\/tvc16.com\/portal\/2021\/05\/04\/prefeito-interino-hingo-hammes-assina-lei-do-castramovel\/","title":{"rendered":"Prefeito interino Hingo Hammes assina lei do Castram\u00f3vel"},"content":{"rendered":"\n<p><em>Hammes anunciou tamb\u00e9m a castra\u00e7\u00e3o de 1.200 animais at\u00e9 agosto<\/em><\/p>\n\n\n\n<p>A cria\u00e7\u00e3o do programa para a esteriliza\u00e7\u00e3o cir\u00fargica de c\u00e3es e gatos com a finalidade de controle populacional. Esse \u00e9 o objetivo da lei do Castram\u00f3vel, sancionada pelo prefeito interino Hingo Hammes nesta ter\u00e7a-feira (04\/05). O planejamento ser\u00e1 coordenado pelo Bem-estar Animal (Cobea) e vai contar com um estudo das localidades que apontem para a necessidade de atendimento priorit\u00e1rio; o quantitativo de animais a serem castrados; e os crit\u00e9rios de triagem socioecon\u00f4mica. O processo de compra de insumos para utiliza\u00e7\u00e3o do equipamento est\u00e1 em fase final para a prefeitura iniciar o seu funcionamento.<\/p>\n\n\n\n<p>A assinatura do documento contou com a presen\u00e7a do vereador Domingos Protetor (PSC). Durante o encontro, Hingo Hammes anunciou ainda a castra\u00e7\u00e3o de 1.200 animais at\u00e9 agosto. Al\u00e9m de ajudar no controle populacional dos c\u00e3es e gatos, o servi\u00e7o previne as doen\u00e7as da esfera reprodutiva e ajudam no controle de algumas zoonoses, como por exemplo a esporotricose. Esse trabalho ser\u00e1 feito por uma empresa contratada atrav\u00e9s de licita\u00e7\u00e3o.<\/p>\n\n\n\n<p>&#8220;Com essas castra\u00e7\u00f5es, estaremos atuando emergencialmente no controle populacional dos animais de rua. A regulamenta\u00e7\u00e3o dela ser\u00e1 em conjunto com o Conselho Municipal de Prote\u00e7\u00e3o e Defesa dos Animais&#8221;, ressaltou Hingo Hammes. &#8220;Para usarmos o castram\u00f3vel, ainda \u00e9 necess\u00e1rio concluirmos os processos de licita\u00e7\u00e3o para a compra de insumos. N\u00e3o \u00e9 um processo simples, j\u00e1 que no primeiro momento, essa licita\u00e7\u00e3o deu deserta&#8221;, explicou.<\/p>\n\n\n\n<p>A unidade m\u00f3vel de castra\u00e7\u00e3o possui duas mesas cir\u00fargicas, unidades de repouso dos animais, pias para higieniza\u00e7\u00e3o, mesa para anestesia e balan\u00e7as para pesagem dos animais, geladeira e tamb\u00e9m banheiro. Dois veterin\u00e1rios v\u00e3o atuar no Castram\u00f3vel, al\u00e9m de um respons\u00e1vel t\u00e9cnico pela atividade.<\/p>\n\n\n\n<p>\u201cO servi\u00e7o \u00e9 itinerante e tem como prioridade regi\u00f5es consideradas de maior vulnerabilidade e alta incid\u00eancia de animais em situa\u00e7\u00e3o de rua. Importante ressaltar que se destinar\u00e1 exclusivamente \u00e0 castra\u00e7\u00e3o de c\u00e3es e gatos, n\u00e3o sendo permitidos atendimentos cl\u00ednicos ou procedimentos cir\u00fargicos diversos\u201d, conta Jo\u00e3o Valois, coordenador de Bem-estar Animal.<\/p>\n\n\n\n<p>\u201cEsse \u00e9 mais um avan\u00e7o da causa animal. Vamos continuar trabalhando para que mais castra\u00e7\u00f5es aconte\u00e7am de forma gratuita\u201d, disse o vereador Domingos Protetor.<\/p>\n\n\n\n<p>Tamb\u00e9m participaram da assinatura da lei do Castram\u00f3vel o secret\u00e1rio de Sa\u00fade, Aloisio Barbosa da Silva Filho, e a coordenadora Especial de Articula\u00e7\u00e3o Institucional, Fernanda Ferreira.<\/p>\n","protected":false},"excerpt":{"rendered":"<p>Hammes anunciou tamb\u00e9m a castra\u00e7\u00e3o de 1.200 animais at\u00e9 agosto A cria\u00e7\u00e3o do programa para<\/p>\n","protected":false},"author":2,"featured_media":13922,"comment_status":"open","ping_status":"open","sticky":false,"template":"","format":"standard","meta":{"footnotes":""},"categories":[12],"tags":[],"class_list":["post-13921","post","type-post","status-publish","format-standard","has-post-thumbnail","hentry","category-cidade"],"_links":{"self":[{"href":"https:\/\/tvc16.com\/portal\/wp-json\/wp\/v2\/posts\/13921","targetHints":{"allow":["GET"]}}],"collection":[{"href":"https:\/\/tvc16.com\/portal\/wp-json\/wp\/v2\/posts"}],"about":[{"href":"https:\/\/tvc16.com\/portal\/wp-json\/wp\/v2\/types\/post"}],"author":[{"embeddable":true,"href":"https:\/\/tvc16.com\/portal\/wp-json\/wp\/v2\/users\/2"}],"replies":[{"embeddable":true,"href":"https:\/\/tvc16.com\/portal\/wp-json\/wp\/v2\/comments?post=13921"}],"version-history":[{"count":1,"href":"https:\/\/tvc16.com\/portal\/wp-json\/wp\/v2\/posts\/13921\/revisions"}],"predecessor-version":[{"id":13923,"href":"https:\/\/tvc16.com\/portal\/wp-json\/wp\/v2\/posts\/13921\/revisions\/13923"}],"wp:featuredmedia":[{"embeddable":true,"href":"https:\/\/tvc16.com\/portal\/wp-json\/wp\/v2\/media\/13922"}],"wp:attachment":[{"href":"https:\/\/tvc16.com\/portal\/wp-json\/wp\/v2\/media?parent=13921"}],"wp:term":[{"taxonomy":"category","embeddable":true,"href":"https:\/\/tvc16.com\/portal\/wp-json\/wp\/v2\/categories?post=13921"},{"taxonomy":"post_tag","embeddable":true,"href":"https:\/\/tvc16.com\/portal\/wp-json\/wp\/v2\/tags?post=13921"}],"curies":[{"name":"wp","href":"https:\/\/api.w.org\/{rel}","templated":true}]}}