{"id":13927,"date":"2021-05-04T17:37:11","date_gmt":"2021-05-04T20:37:11","guid":{"rendered":"https:\/\/tvc16.com\/portal\/?p=13927"},"modified":"2021-05-04T17:37:12","modified_gmt":"2021-05-04T20:37:12","slug":"homem-e-preso-por-trafico-no-neylor","status":"publish","type":"post","link":"https:\/\/tvc16.com\/portal\/2021\/05\/04\/homem-e-preso-por-trafico-no-neylor\/","title":{"rendered":"Homem \u00e9 preso por tr\u00e1fico no Neylor"},"content":{"rendered":"\n<p>Na tarde de hoje (04) agentes da PATAMO, da Pol\u00edcia Militar prenderam um homem, na Rua Felipe Camar\u00e3o, no Neylor, por tr\u00e1fico de drogas. Com o acusado foram apreendidas 20 c\u00e1psulas de coca\u00edna, seis tabletes de maconha e R$ 100 em dinheiro. Os policiais chegaram at\u00e9 o suspeito ap\u00f3s den\u00fancias ano an\u00f4nimas.<\/p>\n\n\n\n<p>Ao checarem as informa\u00e7\u00f5es os PMs montaram um cerco e conseguiram capturar o acusado, que tentou fugir no momento da abordagem. O homem foi levado para a 105 Delegacia de Pol\u00edcia, no Retiro, onde foi autuado por tr\u00e1fico de drogas. Vale ressaltar, que o suspeito j\u00e1 tinha anota\u00e7\u00e3o criminal pelo mesmo crime.<\/p>\n\n\n\n<p>Participaram da a\u00e7\u00e3o o sargento Marco e os cabos Prazeres, Diniz e Pacheco.<\/p>\n","protected":false},"excerpt":{"rendered":"<p>Na tarde de hoje (04) agentes da PATAMO, da Pol\u00edcia Militar prenderam um homem, na<\/p>\n","protected":false},"author":2,"featured_media":13928,"comment_status":"open","ping_status":"open","sticky":false,"template":"","format":"standard","meta":{"footnotes":""},"categories":[12],"tags":[],"class_list":["post-13927","post","type-post","status-publish","format-standard","has-post-thumbnail","hentry","category-cidade"],"_links":{"self":[{"href":"https:\/\/tvc16.com\/portal\/wp-json\/wp\/v2\/posts\/13927","targetHints":{"allow":["GET"]}}],"collection":[{"href":"https:\/\/tvc16.com\/portal\/wp-json\/wp\/v2\/posts"}],"about":[{"href":"https:\/\/tvc16.com\/portal\/wp-json\/wp\/v2\/types\/post"}],"author":[{"embeddable":true,"href":"https:\/\/tvc16.com\/portal\/wp-json\/wp\/v2\/users\/2"}],"replies":[{"embeddable":true,"href":"https:\/\/tvc16.com\/portal\/wp-json\/wp\/v2\/comments?post=13927"}],"version-history":[{"count":1,"href":"https:\/\/tvc16.com\/portal\/wp-json\/wp\/v2\/posts\/13927\/revisions"}],"predecessor-version":[{"id":13929,"href":"https:\/\/tvc16.com\/portal\/wp-json\/wp\/v2\/posts\/13927\/revisions\/13929"}],"wp:featuredmedia":[{"embeddable":true,"href":"https:\/\/tvc16.com\/portal\/wp-json\/wp\/v2\/media\/13928"}],"wp:attachment":[{"href":"https:\/\/tvc16.com\/portal\/wp-json\/wp\/v2\/media?parent=13927"}],"wp:term":[{"taxonomy":"category","embeddable":true,"href":"https:\/\/tvc16.com\/portal\/wp-json\/wp\/v2\/categories?post=13927"},{"taxonomy":"post_tag","embeddable":true,"href":"https:\/\/tvc16.com\/portal\/wp-json\/wp\/v2\/tags?post=13927"}],"curies":[{"name":"wp","href":"https:\/\/api.w.org\/{rel}","templated":true}]}}