{"id":13930,"date":"2021-05-04T18:24:57","date_gmt":"2021-05-04T21:24:57","guid":{"rendered":"https:\/\/tvc16.com\/portal\/?p=13930"},"modified":"2021-05-04T18:24:59","modified_gmt":"2021-05-04T21:24:59","slug":"petropolis-sera-sede-da-copa-internacional-de-mountain-bike-em-setembro","status":"publish","type":"post","link":"https:\/\/tvc16.com\/portal\/2021\/05\/04\/petropolis-sera-sede-da-copa-internacional-de-mountain-bike-em-setembro\/","title":{"rendered":"Petr\u00f3polis ser\u00e1 sede da Copa Internacional de Mountain Bike em setembro"},"content":{"rendered":"\n<p><em>Evento ser\u00e1 realizado cumprindo todos os protocolos de seguran\u00e7a<\/em><\/p>\n\n\n\n<p>A etapa em Petr\u00f3polis da Copa Internacional de Mountain Bike (CIMTB) \u2013 prevista para acontecer entre 24 e 26 de setembro no Vale do Cuiab\u00e1 \u2013 ir\u00e1 seguir os protocolos de sa\u00fade e pode ser realizada sem p\u00fablico. Em reuni\u00e3o realizada nesta ter\u00e7a-feira (04\/05), os secret\u00e1rios de governo F\u00e1bio J\u00fanior da Silva (Chefe de Gabinete) e Leandro Kronemberger (Esporte, Promo\u00e7\u00e3o da Sa\u00fade, Juventude, Idoso e Lazer) ouviram do organizador do evento, Rog\u00e9rio Bernardes, as normas para que a prova aconte\u00e7a de forma segura, com a testagem de atletas e equipes de apoio. O munic\u00edpio tamb\u00e9m vai receber a Copa do Mundo de MTB em abril de 2022.<\/p>\n\n\n\n<p>\u201cAl\u00e9m de fortalecer o esporte, esse evento vai aquecer a economia do munic\u00edpio e fomentar o setor tur\u00edstico, desde a rede hoteleira a gastronomia. Al\u00e9m disso, est\u00e1 sendo priorizada a m\u00e3o de obra local, incluindo fornecedores de servi\u00e7o, como som e ilumina\u00e7\u00e3o. Petr\u00f3polis tem toda a estrutura necess\u00e1ria para eventos do tipo. Os organizadores tamb\u00e9m est\u00e3o garantindo o envolvimento da comunidade do entorno, promovendo gera\u00e7\u00e3o de renda extra com aluguel de espa\u00e7os para implanta\u00e7\u00e3o de estacionamentos, entre outros\u201d, explica o secret\u00e1rio Chefe de Gabinete F\u00e1bio J\u00fanior da Silva.<\/p>\n\n\n\n<p>Segundo Leandro Kronemberger, \u201cestamos confiantes de que a situa\u00e7\u00e3o da pandemia estar\u00e1 ainda mais controlada e vacina\u00e7\u00e3o adiantada em setembro, para quando est\u00e1 marcado o campeonato internacional e, no ano que vem, estaremos prontos para a Copa do Mundo de Montain Bike. \u00c9 um evento esportivo que proporciona diversos avan\u00e7os para o munic\u00edpio&#8221;, disse.<\/p>\n\n\n\n<p>O mercado brasileiro de ciclismo vem crescendo de forma est\u00e1vel j\u00e1 h\u00e1 alguns anos. Segundo a Abraciclo, o crescimento da produ\u00e7\u00e3o no Brasil em 2020 foi de 12,8%, com um total de 750 mil bicicletas fabricadas. Um dos motivos desse aumento \u00e9 a bike entrando no dia a dia do brasileiro durante a pandemia, como explica Rog\u00e9rio.<\/p>\n\n\n\n<p>&#8220;Ser\u00e1 uma etapa que seguir\u00e1 a risca com todos os protocolos de seguran\u00e7a. Vamos limitar o n\u00famero de pessoas na prova e se for necess\u00e1rio, ser\u00e1 realizada sem p\u00fablico. Al\u00e9m disso, em 2022, vamos fazer o melhor trabalho poss\u00edvel para que a Copa do Mundo n\u00e3o saia nunca mais do Brasil\u201d, contou Rog\u00e9rio.<\/p>\n","protected":false},"excerpt":{"rendered":"<p>Evento ser\u00e1 realizado cumprindo todos os protocolos de seguran\u00e7a A etapa em Petr\u00f3polis da Copa<\/p>\n","protected":false},"author":2,"featured_media":13931,"comment_status":"open","ping_status":"open","sticky":false,"template":"","format":"standard","meta":{"footnotes":""},"categories":[12],"tags":[],"class_list":["post-13930","post","type-post","status-publish","format-standard","has-post-thumbnail","hentry","category-cidade"],"_links":{"self":[{"href":"https:\/\/tvc16.com\/portal\/wp-json\/wp\/v2\/posts\/13930","targetHints":{"allow":["GET"]}}],"collection":[{"href":"https:\/\/tvc16.com\/portal\/wp-json\/wp\/v2\/posts"}],"about":[{"href":"https:\/\/tvc16.com\/portal\/wp-json\/wp\/v2\/types\/post"}],"author":[{"embeddable":true,"href":"https:\/\/tvc16.com\/portal\/wp-json\/wp\/v2\/users\/2"}],"replies":[{"embeddable":true,"href":"https:\/\/tvc16.com\/portal\/wp-json\/wp\/v2\/comments?post=13930"}],"version-history":[{"count":1,"href":"https:\/\/tvc16.com\/portal\/wp-json\/wp\/v2\/posts\/13930\/revisions"}],"predecessor-version":[{"id":13932,"href":"https:\/\/tvc16.com\/portal\/wp-json\/wp\/v2\/posts\/13930\/revisions\/13932"}],"wp:featuredmedia":[{"embeddable":true,"href":"https:\/\/tvc16.com\/portal\/wp-json\/wp\/v2\/media\/13931"}],"wp:attachment":[{"href":"https:\/\/tvc16.com\/portal\/wp-json\/wp\/v2\/media?parent=13930"}],"wp:term":[{"taxonomy":"category","embeddable":true,"href":"https:\/\/tvc16.com\/portal\/wp-json\/wp\/v2\/categories?post=13930"},{"taxonomy":"post_tag","embeddable":true,"href":"https:\/\/tvc16.com\/portal\/wp-json\/wp\/v2\/tags?post=13930"}],"curies":[{"name":"wp","href":"https:\/\/api.w.org\/{rel}","templated":true}]}}