{"id":13933,"date":"2021-05-04T18:59:36","date_gmt":"2021-05-04T21:59:36","guid":{"rendered":"https:\/\/tvc16.com\/portal\/?p=13933"},"modified":"2021-05-04T19:00:53","modified_gmt":"2021-05-04T22:00:53","slug":"quase-mil-mortos-mais-14-pessoas-morrem-em-petropolis-de-covid-19","status":"publish","type":"post","link":"https:\/\/tvc16.com\/portal\/2021\/05\/04\/quase-mil-mortos-mais-14-pessoas-morrem-em-petropolis-de-covid-19\/","title":{"rendered":"Quase mil mortos: mais 14 pessoas morrem em Petr\u00f3polis de covid-19"},"content":{"rendered":"\n<p>O boletim epidemiol\u00f3gico desta ter\u00e7a (03\/05) mostra que Petr\u00f3polis fez, at\u00e9 agora, 150.594 testes para Covid-19, com 32.887 resultados positivos e 112.817 negativos (levando em considera\u00e7\u00e3o testes r\u00e1pidos e Swab). Mais 14 \u00f3bitos foram confirmados e inseridos na base de dados do munic\u00edpio nesta ter\u00e7a-feira.<\/p>\n\n\n\n<p>Neste momento, 150 pessoas est\u00e3o internadas em leitos de UTI privados e pelo SUS. Outras 171 est\u00e3o em leitos cl\u00ednicos, considerando leitos privados e SUS, totalizando assim, 321 interna\u00e7\u00f5es em toda a rede da cidade. A ocupa\u00e7\u00e3o de leitos cl\u00ednicos pelo SUS \u00e9 de 52,52% e 80,67% em leitos de UTI.<\/p>\n\n\n\n<p>A Secretaria de Sa\u00fade esclarece que o n\u00famero de \u00f3bitos, hoje em 994, \u00e9 atualizado nos boletins apenas ap\u00f3s o registro do atestado de \u00f3bito e do resultado do exame do paciente no sistema da Vigil\u00e2ncia Epidemiol\u00f3gica, o que \u00e9 feito por equipe administrativa. Trata-se de uma medida de seguran\u00e7a para evitar erro na informa\u00e7\u00e3o divulgada pela Secretaria de Sa\u00fade.<\/p>\n\n\n\n<p>A Secretaria acrescenta, ainda, que trabalha na atualiza\u00e7\u00e3o de dados de notifica\u00e7\u00f5es e casos em an\u00e1lise no sistema, inserindo ainda dados pendentes de meses anteriores. \u00c9 poss\u00edvel acompanhar a evolu\u00e7\u00e3o dos casos no portal da transpar\u00eancia do coronav\u00edrus, no site da Prefeitura (www.petropolis.rj.gov.br).<\/p>\n\n\n\n<p>\u00d3bitos registrados:<\/p>\n\n\n\n<ol class=\"wp-block-list\"><li>Homem, 39 anos, morador no Quitandinha. Internado em 13.04.2021 na UPA Centro. \u00d3bito registrado em 13.04.2021 na UPA Centro. Paciente sem comorbidades.<\/li><li>Homem, 71 anos, morador no Roseiral. Internado em 02.04.2021 na UPA Cascatinha e transferido para o HNSA. \u00d3bito registrado em 14.04.2021 no HNSA. Paciente sem comorbidades.<\/li><li>Homem, 63 anos, morador no Quitandinha. Internado em 01.04.2021 na UPA Cascatinha e transferido para o HNSA. \u00d3bito registrado em 20.04.2021 no HNSA. Paciente com hipertens\u00e3o arterial e diabete.<\/li><li>Homem, 63 anos, morador no Retiro. Internado em 12.04.2021 na UPA Itaipava e transferido para o HNSA. \u00d3bito registrado em 22.04.2021. Paciente com hipertens\u00e3o arterial.<\/li><li>Homem, 52 anos, morador no Capela. Internado em 13.04.2021 na UPA Cascatinha e transferido para o HNSA. \u00d3bito registrado em 23.04.2021. Paciente com doen\u00e7a cardiovascular cr\u00f4nica.<\/li><li>Homem, 77 anos, morador no Valpara\u00edso. Internado em 14.04.2021 na UPA Cascatinha e transferido para o HNSA. \u00d3bito registrado em 23.04.2021 no HNSA. Paciente com hipertens\u00e3o arterial, cardiopatia e diabetes.<\/li><li>Mulher, 48 anos, moradora no Independ\u00eancia. Internada em 15.04.2021 no SMH. \u00d3bito registrado em 23.04.2021 no SMH. Paciente com hipertens\u00e3o arterial.<\/li><li>Homem, 71 anos, morador no Quitandinha. Internada em 16.04.2021 na UPA Centro e transferido para o HNSA. \u00d3bito registrado em 24.04.2021 no HNSA. Paciente com hipertens\u00e3o arterial e doen\u00e7a pulmonar obstrutiva cr\u00f4nica.<\/li><li>Homem, 43 anos, morador no Cascatinha. Internado em 16.04.2021 no SMH. \u00d3bito registrado em 26.04.2021 no SMH. Paciente com hipertens\u00e3o arterial e obesidade.<\/li><li>Homem, 78 anos, morador no Morin. Internado em 25.03.2021 na UPA Cascatinha. \u00d3bito registrado em 26.04.2021 na UPA Cascatinha. Paciente com neoplasia de c\u00f3lon.<\/li><li>Homem, 42 anos, morador em Cascatinha. Internado em 14.04.2021 no SMH. \u00d3bito registrado em 27.04.2021 no SMH. Paciente sem comorbidades.<\/li><li>Homem, 65 anos, morador na Coronel Veiga. Internado em 19.04.2021 na UPA Cascatinha e transferido para o HMNSE. \u00d3bito registrado em 30.04.2021 no HMNSE. Paciente sem comorbidades.<\/li><li>Homem, 66 anos, morador no Caxambu. Internado em 29.03.2021 no HAC. \u00d3bito registrado em 02.05.2021 no HAC. Paciente com hipertens\u00e3o arterial.<\/li><li>Mulher, 72 anos, moradora no Independ\u00eancia. Internada em 25.04.2021 no PSLS e transferida para o HNSA. \u00d3bito registrado em 03.05.2021 no HNSA. Paciente com diabetes.<\/li><\/ol>\n","protected":false},"excerpt":{"rendered":"<p>O boletim epidemiol\u00f3gico desta ter\u00e7a (03\/05) mostra que Petr\u00f3polis fez, at\u00e9 agora, 150.594 testes para<\/p>\n","protected":false},"author":2,"featured_media":13934,"comment_status":"open","ping_status":"open","sticky":false,"template":"","format":"standard","meta":{"footnotes":""},"categories":[12],"tags":[],"class_list":["post-13933","post","type-post","status-publish","format-standard","has-post-thumbnail","hentry","category-cidade"],"_links":{"self":[{"href":"https:\/\/tvc16.com\/portal\/wp-json\/wp\/v2\/posts\/13933","targetHints":{"allow":["GET"]}}],"collection":[{"href":"https:\/\/tvc16.com\/portal\/wp-json\/wp\/v2\/posts"}],"about":[{"href":"https:\/\/tvc16.com\/portal\/wp-json\/wp\/v2\/types\/post"}],"author":[{"embeddable":true,"href":"https:\/\/tvc16.com\/portal\/wp-json\/wp\/v2\/users\/2"}],"replies":[{"embeddable":true,"href":"https:\/\/tvc16.com\/portal\/wp-json\/wp\/v2\/comments?post=13933"}],"version-history":[{"count":2,"href":"https:\/\/tvc16.com\/portal\/wp-json\/wp\/v2\/posts\/13933\/revisions"}],"predecessor-version":[{"id":13936,"href":"https:\/\/tvc16.com\/portal\/wp-json\/wp\/v2\/posts\/13933\/revisions\/13936"}],"wp:featuredmedia":[{"embeddable":true,"href":"https:\/\/tvc16.com\/portal\/wp-json\/wp\/v2\/media\/13934"}],"wp:attachment":[{"href":"https:\/\/tvc16.com\/portal\/wp-json\/wp\/v2\/media?parent=13933"}],"wp:term":[{"taxonomy":"category","embeddable":true,"href":"https:\/\/tvc16.com\/portal\/wp-json\/wp\/v2\/categories?post=13933"},{"taxonomy":"post_tag","embeddable":true,"href":"https:\/\/tvc16.com\/portal\/wp-json\/wp\/v2\/tags?post=13933"}],"curies":[{"name":"wp","href":"https:\/\/api.w.org\/{rel}","templated":true}]}}