{"id":1395,"date":"2020-09-28T12:58:43","date_gmt":"2020-09-28T12:58:43","guid":{"rendered":"https:\/\/tvc16.com\/portal\/?p=1395"},"modified":"2020-09-28T12:58:43","modified_gmt":"2020-09-28T12:58:43","slug":"livros-ganham-versao-em-diferentes-formatos-de-leitura-inclusiva","status":"publish","type":"post","link":"https:\/\/tvc16.com\/portal\/2020\/09\/28\/livros-ganham-versao-em-diferentes-formatos-de-leitura-inclusiva\/","title":{"rendered":"Livros ganham vers\u00e3o em diferentes formatos de leitura inclusiva"},"content":{"rendered":"\n<p>Materiais podem ser acessados pela internet A Secretaria de Estado dos Direitos da Pessoa com Defici\u00eancia lan\u00e7ou quatro livros em formatos acess\u00edveis, que permitem a leitura em l\u00edngua de sinais, com legenda, com \u00e1udio, imagens e leitura simples de texto.As obras disponibilizadas s\u00e3o Come, menino, de Let\u00edcia Wierzchowski; A Mulher que Matou os Peixes, de Clarice Lispector; Um Sonho no Caro\u00e7o de Abacate, de Moacyr Scliar e A Aldeia Sagrada, de Francisco Marins.<\/p>\n\n\n\n<p>Os materiais podem ser acessados no portal da secretaria. Ao total, o governo do estado j\u00e1 disponibilizou 13 livros dentro do programa Leitura Inclusiva.Al\u00e9m das obras, o projeto realiza oficinas para sensibilizar e instrumentalizar os profissionais da educa\u00e7\u00e3o, cultura, assist\u00eancia social e bibliotec\u00e1rios em rela\u00e7\u00e3o \u00e0s possibilidades da leitura inclusiva.<\/p>\n\n\n\n<p>Por Daniel Mello &#8211; Rep\u00f3rter da Ag\u00eancia Brasil &#8211; S\u00e3o Paulo<\/p>\n\n\n\n<p>Edi\u00e7\u00e3o: L\u00edlian Beraldo<\/p>\n","protected":false},"excerpt":{"rendered":"<p>Materiais podem ser acessados pela internet A Secretaria de Estado dos Direitos da Pessoa com<\/p>\n","protected":false},"author":2,"featured_media":1396,"comment_status":"open","ping_status":"open","sticky":false,"template":"","format":"standard","meta":{"footnotes":""},"categories":[19],"tags":[],"class_list":["post-1395","post","type-post","status-publish","format-standard","has-post-thumbnail","hentry","category-educacao"],"_links":{"self":[{"href":"https:\/\/tvc16.com\/portal\/wp-json\/wp\/v2\/posts\/1395","targetHints":{"allow":["GET"]}}],"collection":[{"href":"https:\/\/tvc16.com\/portal\/wp-json\/wp\/v2\/posts"}],"about":[{"href":"https:\/\/tvc16.com\/portal\/wp-json\/wp\/v2\/types\/post"}],"author":[{"embeddable":true,"href":"https:\/\/tvc16.com\/portal\/wp-json\/wp\/v2\/users\/2"}],"replies":[{"embeddable":true,"href":"https:\/\/tvc16.com\/portal\/wp-json\/wp\/v2\/comments?post=1395"}],"version-history":[{"count":1,"href":"https:\/\/tvc16.com\/portal\/wp-json\/wp\/v2\/posts\/1395\/revisions"}],"predecessor-version":[{"id":1397,"href":"https:\/\/tvc16.com\/portal\/wp-json\/wp\/v2\/posts\/1395\/revisions\/1397"}],"wp:featuredmedia":[{"embeddable":true,"href":"https:\/\/tvc16.com\/portal\/wp-json\/wp\/v2\/media\/1396"}],"wp:attachment":[{"href":"https:\/\/tvc16.com\/portal\/wp-json\/wp\/v2\/media?parent=1395"}],"wp:term":[{"taxonomy":"category","embeddable":true,"href":"https:\/\/tvc16.com\/portal\/wp-json\/wp\/v2\/categories?post=1395"},{"taxonomy":"post_tag","embeddable":true,"href":"https:\/\/tvc16.com\/portal\/wp-json\/wp\/v2\/tags?post=1395"}],"curies":[{"name":"wp","href":"https:\/\/api.w.org\/{rel}","templated":true}]}}