{"id":13961,"date":"2021-05-05T14:41:42","date_gmt":"2021-05-05T17:41:42","guid":{"rendered":"https:\/\/tvc16.com\/portal\/?p=13961"},"modified":"2021-05-05T14:41:45","modified_gmt":"2021-05-05T17:41:45","slug":"indianos-sao-diagnosticados-com-covid-19-em-reuniao-do-g20","status":"publish","type":"post","link":"https:\/\/tvc16.com\/portal\/2021\/05\/05\/indianos-sao-diagnosticados-com-covid-19-em-reuniao-do-g20\/","title":{"rendered":"Indianos s\u00e3o diagnosticados com covid-19 em reuni\u00e3o do G20"},"content":{"rendered":"\n<h3 class=\"wp-block-heading\">Delega\u00e7\u00e3o est\u00e1 isolada em Londres<\/h3>\n\n\n\n<h4 class=\"wp-block-heading\">Por * Tanvi Mehta &#8211; Rep\u00f3rter da Reuters &#8211; Nova Delhi<\/h4>\n\n\n\n<p>A delega\u00e7\u00e3o indiana na reuni\u00e3o de ministros das Rela\u00e7\u00f5es Exteriores do G7 em Londres est\u00e1 isolada desde que dois de seus integrantes&nbsp;foram diagnosticados com covid-19, informou&nbsp;o Reino Unido.<img decoding=\"async\" src=\"https:\/\/agenciabrasil.ebc.com.br\/ebc.png?id=1408783&amp;o=node\"><img decoding=\"async\" src=\"https:\/\/agenciabrasil.ebc.com.br\/ebc.gif?id=1408783&amp;o=node\"><\/p>\n\n\n\n<p>O chanceler Subrahmanyam Jaishankar, que est\u00e1 em Londres, afirmou&nbsp;no Twitter&nbsp;que participar\u00e1 virtualmente, mas a emissora&nbsp;<em>Sky News<\/em>&nbsp;disse&nbsp;que ele n\u00e3o foi diagnosticado com o v\u00edrus.<\/p>\n\n\n\n<p>A \u00cdndia respondeu por quase metade dos casos de covid-19&nbsp;relatados globalmente na semana passada, informou a Organiza\u00e7\u00e3o Mundial da Sa\u00fade (OMS) nesta quarta-feira (5), quando as mortes no pa\u00eds&nbsp;do sul asi\u00e1tico bateram recorde de 3.780 nas 24 horas anteriores.<\/p>\n\n\n\n<p>Em relat\u00f3rio semanal, a OMS informou&nbsp;que a \u00cdndia registrou&nbsp;46% dos casos globais e 25% das mortes relatadas em todo o mundo na \u00faltima semana.<\/p>\n\n\n\n<p>As infec\u00e7\u00f5es di\u00e1rias aumentaram 382.315 hoje, o 14\u00ba dia seguido acima de 300 mil, mostraram dados do Minist\u00e9rio da Sa\u00fade.<\/p>\n\n\n\n<p>Os hospitais est\u00e3o em busca de leitos e oxig\u00eanio enquanto combatem desesperadamente uma segunda etapa de infec\u00e7\u00f5es.&nbsp;Necrot\u00e9rios e cremat\u00f3rios t\u00eam dificuldade de lidar com o&nbsp;fluxo aparentemente incessante de corpos.<\/p>\n\n\n\n<p>Muitas pessoas morrem em ambul\u00e2ncias e estacionamentos, esperando um leito ou oxig\u00eanio.<\/p>\n\n\n\n<p>O governo do primeiro-ministro, Narendra Modi, \u00e9 muito criticado por n\u00e3o agir mais cedo para conter essa segunda fase, j\u00e1 que eventos de grande dissemina\u00e7\u00e3o, como festivais religiosos e com\u00edcios pol\u00edticos, atra\u00edram dezenas de milhares de pessoas.<\/p>\n\n\n\n<p>&#8220;Precisamos de um governo. Desesperadamente. E n\u00e3o temos um. Estamos ficando sem ar. Estamos morrendo&#8221;, escreveu Arundhati Roy,&nbsp;vencedora do Pr\u00eamio Booker, em um artigo de opini\u00e3o pedindo que Modi renuncie.<\/p>\n\n\n\n<p>Especialistas&nbsp;dizem que os n\u00fameros reais da \u00cdndia podem ser de cinco a dez&nbsp;vezes maiores do que a contagem oficial. O pa\u00eds acumulou 10 milh\u00f5es de casos em pouco mais de quatro meses &#8211; os primeiros 10 milh\u00f5es de casos demoraram mais de 10 meses.<\/p>\n\n\n\n<p>Dois trens &#8220;expressos de&nbsp;oxig\u00eanio&#8221; que transportam o g\u00e1s em forma l\u00edquida&nbsp;chegaram \u00e0 capital, Nova Delhi, hoje, informou o ministro das Ferrovias, Piyush Goyal, no Twitter. Mais de 25 trens distribuem suprimentos de oxig\u00eanio em todo o pa\u00eds.<\/p>\n\n\n\n<p>Segundo o governo, os suprimentos s\u00e3o suficientes, mas problemas de transporte dificultam a distribui\u00e7\u00e3o.<\/p>\n\n\n\n<p>A disparada indiana de infec\u00e7\u00f5es coincide com uma diminui\u00e7\u00e3o dram\u00e1tica da&nbsp;vacina\u00e7\u00e3o&nbsp;por causa de problemas de suprimento e entrega.<\/p>\n\n\n\n<p><em>* Reportagem adicional de Chanchinmawia, em Aizawl<\/em><\/p>\n","protected":false},"excerpt":{"rendered":"<p>Delega\u00e7\u00e3o est\u00e1 isolada em Londres Por * Tanvi Mehta &#8211; Rep\u00f3rter da Reuters &#8211; Nova<\/p>\n","protected":false},"author":2,"featured_media":13962,"comment_status":"open","ping_status":"open","sticky":false,"template":"","format":"standard","meta":{"footnotes":""},"categories":[17],"tags":[],"class_list":["post-13961","post","type-post","status-publish","format-standard","has-post-thumbnail","hentry","category-outras-noticias"],"_links":{"self":[{"href":"https:\/\/tvc16.com\/portal\/wp-json\/wp\/v2\/posts\/13961","targetHints":{"allow":["GET"]}}],"collection":[{"href":"https:\/\/tvc16.com\/portal\/wp-json\/wp\/v2\/posts"}],"about":[{"href":"https:\/\/tvc16.com\/portal\/wp-json\/wp\/v2\/types\/post"}],"author":[{"embeddable":true,"href":"https:\/\/tvc16.com\/portal\/wp-json\/wp\/v2\/users\/2"}],"replies":[{"embeddable":true,"href":"https:\/\/tvc16.com\/portal\/wp-json\/wp\/v2\/comments?post=13961"}],"version-history":[{"count":1,"href":"https:\/\/tvc16.com\/portal\/wp-json\/wp\/v2\/posts\/13961\/revisions"}],"predecessor-version":[{"id":13963,"href":"https:\/\/tvc16.com\/portal\/wp-json\/wp\/v2\/posts\/13961\/revisions\/13963"}],"wp:featuredmedia":[{"embeddable":true,"href":"https:\/\/tvc16.com\/portal\/wp-json\/wp\/v2\/media\/13962"}],"wp:attachment":[{"href":"https:\/\/tvc16.com\/portal\/wp-json\/wp\/v2\/media?parent=13961"}],"wp:term":[{"taxonomy":"category","embeddable":true,"href":"https:\/\/tvc16.com\/portal\/wp-json\/wp\/v2\/categories?post=13961"},{"taxonomy":"post_tag","embeddable":true,"href":"https:\/\/tvc16.com\/portal\/wp-json\/wp\/v2\/tags?post=13961"}],"curies":[{"name":"wp","href":"https:\/\/api.w.org\/{rel}","templated":true}]}}