{"id":13964,"date":"2021-05-05T14:44:53","date_gmt":"2021-05-05T17:44:53","guid":{"rendered":"https:\/\/tvc16.com\/portal\/?p=13964"},"modified":"2021-05-05T14:44:55","modified_gmt":"2021-05-05T17:44:55","slug":"equipe-economica-pede-que-bolsonaro-vete-prorrogacao-de-entrega-de-ir","status":"publish","type":"post","link":"https:\/\/tvc16.com\/portal\/2021\/05\/05\/equipe-economica-pede-que-bolsonaro-vete-prorrogacao-de-entrega-de-ir\/","title":{"rendered":"Equipe econ\u00f4mica pede que Bolsonaro vete prorroga\u00e7\u00e3o de entrega de IR"},"content":{"rendered":"\n<h3 class=\"wp-block-heading\">Adiamento pode impedir pagamento de programas sociais, diz minist\u00e9rio<\/h3>\n\n\n\n<h4 class=\"wp-block-heading\">Por Karine Melo \u2013 Rep\u00f3rter da Ag\u00eancia Brasil &#8211; Bras\u00edlia<\/h4>\n\n\n\n<p>O Minist\u00e9rio da Economia recomendou nesta quarta-feira (5) que o presidente Jair Bolsonaro vete o Projeto de Lei 639\/21,&nbsp;<a href=\"https:\/\/agenciabrasil.ebc.com.br\/politica\/noticia\/2021-04\/camara-aprova-projeto-que-prorroga-entrega-do-ir-ate-31-de-julho\" target=\"_blank\" rel=\"noreferrer noopener\">aprovado<\/a>&nbsp;pela C\u00e2mara dos Deputados no \u00faltimo dia 13, que estende mais uma vez o prazo para entrega da declara\u00e7\u00e3o do Imposto de Renda Pessoa F\u00edsica (IRPF) de 2021 de 31 de maio para 31 de julho .O texto depende de san\u00e7\u00e3o presidencial para entrar em vigor.<img decoding=\"async\" src=\"https:\/\/agenciabrasil.ebc.com.br\/ebc.png?id=1408785&amp;o=node\"><img decoding=\"async\" src=\"https:\/\/agenciabrasil.ebc.com.br\/ebc.gif?id=1408785&amp;o=node\"><\/p>\n\n\n\n<p>Em nota, o Minist\u00e9rio da Economia justifica o pedido de veto afirmando que o adiamento do prazo para o fim de julho &#8220;teria impacto na arrecada\u00e7\u00e3o da Uni\u00e3o, estados e munic\u00edpios e poderia impedir pagamento de importantes programas sociais para o enfrentamento do efeito da pandemia&#8221;.<\/p>\n\n\n\n<p>Segundo o minist\u00e9rio, a prorroga\u00e7\u00e3o do prazo para pagamento do imposto de renda apurado por tr\u00eas meses e a manuten\u00e7\u00e3o do cronograma original de restitui\u00e7\u00e3o teriam como &#8220;consequ\u00eancia um fluxo de caixa negativo, ou seja, a arrecada\u00e7\u00e3o seria menor que as restitui\u00e7\u00f5es&#8221;.<\/p>\n\n\n\n<p>Ao justificar o pedido de veto, a pasta explicou ainda que a diferen\u00e7a negativa entre o gasto antecipado com o pagamento de restitui\u00e7\u00f5es e o adiamento da arrecada\u00e7\u00e3o do Imposto de Renda afetaria, por exemplo, programas emergenciais implantados pelo governo federal para preservar atividades empresariais e manter o emprego e a renda dos trabalhadores, e a programa\u00e7\u00e3o de pagamento do aux\u00edlio emergencial de 2021.<\/p>\n\n\n\n<p>\u201cDa mesma forma, estados e munic\u00edpios teriam redu\u00e7\u00e3o consider\u00e1vel nos recursos destinados aos fundos de participa\u00e7\u00e3o que subsidiam, entre outros, gastos com sa\u00fade para o combate \u00e0 pandemia\u201d, acrescenta a nota divulgada pela equipe econ\u00f4mica.<\/p>\n\n\n\n<p>Edi\u00e7\u00e3o: N\u00e1dia Franco<\/p>\n","protected":false},"excerpt":{"rendered":"<p>Adiamento pode impedir pagamento de programas sociais, diz minist\u00e9rio Por Karine Melo \u2013 Rep\u00f3rter da<\/p>\n","protected":false},"author":2,"featured_media":13965,"comment_status":"open","ping_status":"open","sticky":false,"template":"","format":"standard","meta":{"footnotes":""},"categories":[17],"tags":[],"class_list":["post-13964","post","type-post","status-publish","format-standard","has-post-thumbnail","hentry","category-outras-noticias"],"_links":{"self":[{"href":"https:\/\/tvc16.com\/portal\/wp-json\/wp\/v2\/posts\/13964","targetHints":{"allow":["GET"]}}],"collection":[{"href":"https:\/\/tvc16.com\/portal\/wp-json\/wp\/v2\/posts"}],"about":[{"href":"https:\/\/tvc16.com\/portal\/wp-json\/wp\/v2\/types\/post"}],"author":[{"embeddable":true,"href":"https:\/\/tvc16.com\/portal\/wp-json\/wp\/v2\/users\/2"}],"replies":[{"embeddable":true,"href":"https:\/\/tvc16.com\/portal\/wp-json\/wp\/v2\/comments?post=13964"}],"version-history":[{"count":1,"href":"https:\/\/tvc16.com\/portal\/wp-json\/wp\/v2\/posts\/13964\/revisions"}],"predecessor-version":[{"id":13966,"href":"https:\/\/tvc16.com\/portal\/wp-json\/wp\/v2\/posts\/13964\/revisions\/13966"}],"wp:featuredmedia":[{"embeddable":true,"href":"https:\/\/tvc16.com\/portal\/wp-json\/wp\/v2\/media\/13965"}],"wp:attachment":[{"href":"https:\/\/tvc16.com\/portal\/wp-json\/wp\/v2\/media?parent=13964"}],"wp:term":[{"taxonomy":"category","embeddable":true,"href":"https:\/\/tvc16.com\/portal\/wp-json\/wp\/v2\/categories?post=13964"},{"taxonomy":"post_tag","embeddable":true,"href":"https:\/\/tvc16.com\/portal\/wp-json\/wp\/v2\/tags?post=13964"}],"curies":[{"name":"wp","href":"https:\/\/api.w.org\/{rel}","templated":true}]}}