{"id":14012,"date":"2021-05-06T14:34:18","date_gmt":"2021-05-06T17:34:18","guid":{"rendered":"https:\/\/tvc16.com\/portal\/?p=14012"},"modified":"2021-05-06T16:05:49","modified_gmt":"2021-05-06T19:05:49","slug":"apos-mais-casos-de-funcionarios-com-covid-19-agencia-do-bradesco-fica-fechada","status":"publish","type":"post","link":"https:\/\/tvc16.com\/portal\/2021\/05\/06\/apos-mais-casos-de-funcionarios-com-covid-19-agencia-do-bradesco-fica-fechada\/","title":{"rendered":"Ap\u00f3s mais casos de funcion\u00e1rios com covid-19 ag\u00eancia do Bradesco fica fechada"},"content":{"rendered":"\n<p>A ag\u00eancia do banco Bradesco, prefixo 3403, localizada na Rua do Imperador, pr\u00f3ximo ao MC Donald&#8217;s est\u00e1 temporariamente fechada para desinfec\u00e7\u00e3o, devido a novos casos positivos de funcion\u00e1rios com covid-19. Os clientes que procuram atendimento hoje (06) tiveram que buscar outras unidades. <\/p>\n\n\n\n<p>De acordo com o Sindicato dos Banc\u00e1rios a ag\u00eancia reabrir\u00e1 nesta sexta-feira (07), mas com apenas tr\u00eas funcion\u00e1rios. &#8220;Apenas na pr\u00f3xima quinta-feira (13), haver\u00e1 mais banc\u00e1rios na unidade para atender a popula\u00e7\u00e3o. Portanto at\u00e9 quarta-feira que vem o local funcionar\u00e1 apenas com tr\u00eas trabalhadores&#8221;, disse o presidente do sindicato dos banc\u00e1rios, Marcos Alvarenga.<\/p>\n","protected":false},"excerpt":{"rendered":"<p>A ag\u00eancia do banco Bradesco, prefixo 3403, localizada na Rua do Imperador, pr\u00f3ximo ao MC<\/p>\n","protected":false},"author":2,"featured_media":14013,"comment_status":"open","ping_status":"open","sticky":false,"template":"","format":"standard","meta":{"footnotes":""},"categories":[12],"tags":[],"class_list":["post-14012","post","type-post","status-publish","format-standard","has-post-thumbnail","hentry","category-cidade"],"_links":{"self":[{"href":"https:\/\/tvc16.com\/portal\/wp-json\/wp\/v2\/posts\/14012","targetHints":{"allow":["GET"]}}],"collection":[{"href":"https:\/\/tvc16.com\/portal\/wp-json\/wp\/v2\/posts"}],"about":[{"href":"https:\/\/tvc16.com\/portal\/wp-json\/wp\/v2\/types\/post"}],"author":[{"embeddable":true,"href":"https:\/\/tvc16.com\/portal\/wp-json\/wp\/v2\/users\/2"}],"replies":[{"embeddable":true,"href":"https:\/\/tvc16.com\/portal\/wp-json\/wp\/v2\/comments?post=14012"}],"version-history":[{"count":2,"href":"https:\/\/tvc16.com\/portal\/wp-json\/wp\/v2\/posts\/14012\/revisions"}],"predecessor-version":[{"id":14021,"href":"https:\/\/tvc16.com\/portal\/wp-json\/wp\/v2\/posts\/14012\/revisions\/14021"}],"wp:featuredmedia":[{"embeddable":true,"href":"https:\/\/tvc16.com\/portal\/wp-json\/wp\/v2\/media\/14013"}],"wp:attachment":[{"href":"https:\/\/tvc16.com\/portal\/wp-json\/wp\/v2\/media?parent=14012"}],"wp:term":[{"taxonomy":"category","embeddable":true,"href":"https:\/\/tvc16.com\/portal\/wp-json\/wp\/v2\/categories?post=14012"},{"taxonomy":"post_tag","embeddable":true,"href":"https:\/\/tvc16.com\/portal\/wp-json\/wp\/v2\/tags?post=14012"}],"curies":[{"name":"wp","href":"https:\/\/api.w.org\/{rel}","templated":true}]}}