{"id":14019,"date":"2021-05-06T17:54:48","date_gmt":"2021-05-06T20:54:48","guid":{"rendered":"https:\/\/tvc16.com\/portal\/?p=14019"},"modified":"2021-05-06T17:54:50","modified_gmt":"2021-05-06T20:54:50","slug":"painel-de-djanira-ultima-etapa-do-processo-de-licitacao-para-o-restauro-acontece-nesta-sexta-feira","status":"publish","type":"post","link":"https:\/\/tvc16.com\/portal\/2021\/05\/06\/painel-de-djanira-ultima-etapa-do-processo-de-licitacao-para-o-restauro-acontece-nesta-sexta-feira\/","title":{"rendered":"Painel de Djanira: \u00daltima etapa do processo de licita\u00e7\u00e3o para o restauro acontece nesta sexta-feira"},"content":{"rendered":"\n<p>Foto: Lu Lacerda <\/p>\n\n\n\n<p>Nesta sexta-feira (07\/05) ser\u00e1 aberto o \u00faltimo envelope (com os pre\u00e7os) para a conclus\u00e3o da licita\u00e7\u00e3o para o restauro do Painel de Djanira. Tr\u00eas empresas apresentaram proposta no in\u00edcio do processo, mas duas n\u00e3o passaram pela fase de habilita\u00e7\u00e3o. Aquela que se manteve na concorr\u00eancia passou tamb\u00e9m pela segunda etapa (com a proposta t\u00e9cnica) e participa da fase final do processo. Se a empresa for aprovada tamb\u00e9m nesta etapa, haver\u00e1 a assinatura do contrato.<\/p>\n\n\n\n<p>O valor m\u00e1ximo aceito pelo processo de licita\u00e7\u00e3o \u00e9 de R$ 717.849,99 e a previs\u00e3o \u00e9 que, ap\u00f3s iniciado, o trabalho seja conclu\u00eddo em at\u00e9 oito meses. O grande painel, com 12,75 metros de comprimento e 3,50 metros de altura, com data de 1953, retrata paisagens e cenas t\u00edpicas de Petr\u00f3polis. A obra traz elementos que remetem \u00e0 cidade, como o Museu Imperial, as carruagens, as f\u00e1bricas de cer\u00e2mica e de tecido.<\/p>\n\n\n\n<p>&#8220;Em um processo normal de licita\u00e7\u00e3o, o valor mais barato ganha. Nesse caso, por ser um trabalho bastante espec\u00edfico, a t\u00e9cnica usada precisava ser levada em considera\u00e7\u00e3o. Por isso, o andamento do processo passou pela aprecia\u00e7\u00e3o do Iphan. Nossa muse\u00f3loga tamb\u00e9m participou dessa aprova\u00e7\u00e3o&#8221;, explica Leandro Kronemberger, diretor-presidente do Instituto Municipal de Cultura.<\/p>\n\n\n\n<p>&#8220;Ser\u00e1 muito positivo para a cidade ter restaurada uma obra de Djanira. Eu, como petropolitano, fico muito feliz em dar continuidade a esse trabalho\u201d, completa o prefeito interino Hingo Hammes.<\/p>\n\n\n\n<p>O painel Djanira \u00e9 uma das pe\u00e7as mais importantes j\u00e1 produzidas pela artista. Ela residiu em Petr\u00f3polis durante o per\u00edodo em que pintou o painel para o Liceu Municipal. A contrata\u00e7\u00e3o do servi\u00e7o de restaura\u00e7\u00e3o \u00e9 resultado de um termo de ajustamento de conduta firmado entre a prefeitura e o Minist\u00e9rio P\u00fablico Federal em 2016. A obra \u00e9 tombada pelo Instituto do Patrim\u00f4nio Hist\u00f3rico e Art\u00edstico Nacional desde 1982.<\/p>\n\n\n\n<p>\u201cEssa \u00e9 uma obra de arte de valor inestim\u00e1vel. Importante ressaltar que o painel est\u00e1 numa sala no Centro de Cultura Raul de Leoni, num ambiente climatizado, com luz apropriada, enquanto aguarda a licita\u00e7\u00e3o que vai definir a empresa respons\u00e1vel pela restaura\u00e7\u00e3o\u201d, completa Berg.<\/p>\n","protected":false},"excerpt":{"rendered":"<p>Foto: Lu Lacerda Nesta sexta-feira (07\/05) ser\u00e1 aberto o \u00faltimo envelope (com os pre\u00e7os) para<\/p>\n","protected":false},"author":2,"featured_media":14023,"comment_status":"open","ping_status":"open","sticky":false,"template":"","format":"standard","meta":{"footnotes":""},"categories":[12],"tags":[],"class_list":["post-14019","post","type-post","status-publish","format-standard","has-post-thumbnail","hentry","category-cidade"],"_links":{"self":[{"href":"https:\/\/tvc16.com\/portal\/wp-json\/wp\/v2\/posts\/14019","targetHints":{"allow":["GET"]}}],"collection":[{"href":"https:\/\/tvc16.com\/portal\/wp-json\/wp\/v2\/posts"}],"about":[{"href":"https:\/\/tvc16.com\/portal\/wp-json\/wp\/v2\/types\/post"}],"author":[{"embeddable":true,"href":"https:\/\/tvc16.com\/portal\/wp-json\/wp\/v2\/users\/2"}],"replies":[{"embeddable":true,"href":"https:\/\/tvc16.com\/portal\/wp-json\/wp\/v2\/comments?post=14019"}],"version-history":[{"count":1,"href":"https:\/\/tvc16.com\/portal\/wp-json\/wp\/v2\/posts\/14019\/revisions"}],"predecessor-version":[{"id":14024,"href":"https:\/\/tvc16.com\/portal\/wp-json\/wp\/v2\/posts\/14019\/revisions\/14024"}],"wp:featuredmedia":[{"embeddable":true,"href":"https:\/\/tvc16.com\/portal\/wp-json\/wp\/v2\/media\/14023"}],"wp:attachment":[{"href":"https:\/\/tvc16.com\/portal\/wp-json\/wp\/v2\/media?parent=14019"}],"wp:term":[{"taxonomy":"category","embeddable":true,"href":"https:\/\/tvc16.com\/portal\/wp-json\/wp\/v2\/categories?post=14019"},{"taxonomy":"post_tag","embeddable":true,"href":"https:\/\/tvc16.com\/portal\/wp-json\/wp\/v2\/tags?post=14019"}],"curies":[{"name":"wp","href":"https:\/\/api.w.org\/{rel}","templated":true}]}}