{"id":14028,"date":"2021-05-06T17:58:42","date_gmt":"2021-05-06T20:58:42","guid":{"rendered":"https:\/\/tvc16.com\/portal\/?p=14028"},"modified":"2021-05-06T17:58:44","modified_gmt":"2021-05-06T20:58:44","slug":"secretario-de-saude-se-reune-com-empresarios-para-falar-sobre-vacinas","status":"publish","type":"post","link":"https:\/\/tvc16.com\/portal\/2021\/05\/06\/secretario-de-saude-se-reune-com-empresarios-para-falar-sobre-vacinas\/","title":{"rendered":"Secret\u00e1rio de Sa\u00fade se re\u00fane com empres\u00e1rios para falar sobre vacinas"},"content":{"rendered":"\n<p>O Secret\u00e1rio de Sa\u00fade, Aloisio Barbosa da Silva Filho, se reuniu na tarde de quarta-feira (05\/05) com empres\u00e1rios para apresentar informa\u00e7\u00f5es sobre o andamento da vacina\u00e7\u00e3o contra a covid-19 na cidade. O secret\u00e1rio foi recebido na sede da Firjan, pelo presidente regional da entidade, J\u00falio Talon, e pelo representante do Serratec, Marcelo Carius. A reuni\u00e3o teve ainda participa\u00e7\u00e3o (por videoconfer\u00eancia) do diretor de RH da empresa Orange, George Paiva. Petr\u00f3polis tinha, at\u00e9 quarta-feira, 64.498 pessoas vacinadas com a primeira dose e 30.956 com a segunda dose. Na reuni\u00e3o os empres\u00e1rios esclareceram ainda d\u00favidas sobre a situa\u00e7\u00e3o da pandemia na cidade.<\/p>\n\n\n\n<pre class=\"wp-block-code\"><code> \u201cPetr\u00f3polis tem avan\u00e7ado na vacina\u00e7\u00e3o a medida que os lotes de vacina est\u00e3o chegando. Temos hoje mais de 21% da popula\u00e7\u00e3o vacinada com a primeira dose e 10% com a segunda dose. Essas e outras informa\u00e7\u00f5es foram repassadas aos empres\u00e1rios, e entendemos a import\u00e2ncia de que eles estejam a par do andamento da vacina\u00e7\u00e3o. Foi uma reuni\u00e3o bastante positiva em que eles se mostraram interessados em contribuir para acelerarmos a vacina\u00e7\u00e3o na cidade\u201d, destaca o secret\u00e1rio de Sa\u00fade Aloisio Barbosa da Silva Filho.<\/code><\/pre>\n\n\n\n<p>O secret\u00e1rio falou aos empres\u00e1rios ainda sobre a situa\u00e7\u00e3o atual da pandemia na cidade, que registra queda na demanda por atendimentos nas portas de entrada, e frisou que o munic\u00edpio seguir\u00e1 avan\u00e7ando com a imuniza\u00e7\u00e3o \u00e0 medida que mais vacinas sejam entregues pelo Minist\u00e9rio da Sa\u00fade.<\/p>\n\n\n\n<p>O presidente Regional da Firjan, Julio Talon, agradeceu a presen\u00e7a do secret\u00e1rio, destacou a import\u00e2ncia das informa\u00e7\u00f5es fornecidas para o planejamento das empresas e sinalizou a possibilidade de empres\u00e1rios buscarem formas de contribuir com a vacina\u00e7\u00e3o. \u201cEstamos a disposi\u00e7\u00e3o para ajudar no que for poss\u00edvel o munic\u00edpio para avan\u00e7armos a vacina\u00e7\u00e3o na cidade. Temos uma preocupa\u00e7\u00e3o muito grande com a pandemia com o andamento da vacina\u00e7\u00e3o, que \u00e9 fundamental para o planejamento das empresas. Queremos entender como est\u00e1 o processo, verificar se h\u00e1 gargalos na vacina\u00e7\u00e3o e entender se \u00e9 poss\u00edvel somarmos esfor\u00e7os e buscar formas de contribuir com o que for necess\u00e1rio para que a vacina\u00e7\u00e3o avance na cidade\u201d, diz J\u00falio Talon.<\/p>\n","protected":false},"excerpt":{"rendered":"<p>O Secret\u00e1rio de Sa\u00fade, Aloisio Barbosa da Silva Filho, se reuniu na tarde de quarta-feira<\/p>\n","protected":false},"author":2,"featured_media":14029,"comment_status":"open","ping_status":"open","sticky":false,"template":"","format":"standard","meta":{"footnotes":""},"categories":[12],"tags":[],"class_list":["post-14028","post","type-post","status-publish","format-standard","has-post-thumbnail","hentry","category-cidade"],"_links":{"self":[{"href":"https:\/\/tvc16.com\/portal\/wp-json\/wp\/v2\/posts\/14028","targetHints":{"allow":["GET"]}}],"collection":[{"href":"https:\/\/tvc16.com\/portal\/wp-json\/wp\/v2\/posts"}],"about":[{"href":"https:\/\/tvc16.com\/portal\/wp-json\/wp\/v2\/types\/post"}],"author":[{"embeddable":true,"href":"https:\/\/tvc16.com\/portal\/wp-json\/wp\/v2\/users\/2"}],"replies":[{"embeddable":true,"href":"https:\/\/tvc16.com\/portal\/wp-json\/wp\/v2\/comments?post=14028"}],"version-history":[{"count":1,"href":"https:\/\/tvc16.com\/portal\/wp-json\/wp\/v2\/posts\/14028\/revisions"}],"predecessor-version":[{"id":14030,"href":"https:\/\/tvc16.com\/portal\/wp-json\/wp\/v2\/posts\/14028\/revisions\/14030"}],"wp:featuredmedia":[{"embeddable":true,"href":"https:\/\/tvc16.com\/portal\/wp-json\/wp\/v2\/media\/14029"}],"wp:attachment":[{"href":"https:\/\/tvc16.com\/portal\/wp-json\/wp\/v2\/media?parent=14028"}],"wp:term":[{"taxonomy":"category","embeddable":true,"href":"https:\/\/tvc16.com\/portal\/wp-json\/wp\/v2\/categories?post=14028"},{"taxonomy":"post_tag","embeddable":true,"href":"https:\/\/tvc16.com\/portal\/wp-json\/wp\/v2\/tags?post=14028"}],"curies":[{"name":"wp","href":"https:\/\/api.w.org\/{rel}","templated":true}]}}