{"id":14034,"date":"2021-05-06T18:02:55","date_gmt":"2021-05-06T21:02:55","guid":{"rendered":"https:\/\/tvc16.com\/portal\/?p=14034"},"modified":"2021-05-06T18:02:57","modified_gmt":"2021-05-06T21:02:57","slug":"covid-19-toquio-pede-prorrogacao-de-estado-de-emergencia","status":"publish","type":"post","link":"https:\/\/tvc16.com\/portal\/2021\/05\/06\/covid-19-toquio-pede-prorrogacao-de-estado-de-emergencia\/","title":{"rendered":"Covid-19: T\u00f3quio pede prorroga\u00e7\u00e3o de estado de emerg\u00eancia"},"content":{"rendered":"\n<h3 class=\"wp-block-heading\">Medida pode criar mais d\u00favidas sobre realiza\u00e7\u00e3o de Jogos Ol\u00edmpicos<\/h3>\n\n\n\n<ul class=\"wp-block-list\"><li>Por Rocky Swift, Chang-Ran Kim, Ju-min Park e Takashi Umekawa &#8211; T\u00f3quio (Jap\u00e3o)<\/li><\/ul>\n\n\n\n<p>A capital do Jap\u00e3o pediu nesta quinta-feira (6) que o Governo prorrogue at\u00e9 31 de maio o estado de emerg\u00eancia imposto para conter as infec\u00e7\u00f5es do novo coronav\u00edrus (covid-19), uma medida que pode provocar mais d\u00favidas sobre sua capacidade de sediar a Olimp\u00edada.<img decoding=\"async\" src=\"https:\/\/agenciabrasil.ebc.com.br\/ebc.png?id=1408950&amp;o=node\"><img decoding=\"async\" src=\"https:\/\/agenciabrasil.ebc.com.br\/ebc.gif?id=1408950&amp;o=node\"><\/p>\n\n\n\n<p>O Jap\u00e3o esperava que uma emerg\u00eancia \u201ccurta e poderosa\u201d contivesse uma quarta onda de infec\u00e7\u00f5es pouco antes de T\u00f3quio dar in\u00edcio aos Jogos Ol\u00edmpicos, a partir de 23 de julho.<\/p>\n\n\n\n<p>Embora a medida, que vigora de 25 de abril at\u00e9 a pr\u00f3xima ter\u00e7a-feira (11), n\u00e3o tenha contido a dissemina\u00e7\u00e3o das infec\u00e7\u00f5es, mant\u00ea-la at\u00e9 o final deste m\u00eas deixa uma margem de menos de dois meses at\u00e9 os Jogos, j\u00e1 adiados em um ano por causa da pandemia.<\/p>\n\n\n\n<p>\u201cCom base nas an\u00e1lises de v\u00e1rios \u00e2ngulos, meu racioc\u00ednio \u00e9 que precisamos de uma prorroga\u00e7\u00e3o do estado de emerg\u00eancia\u201d, declarou a governadora de T\u00f3quio, Yuriko Koike.<\/p>\n\n\n\n<p>O primeiro-ministro japon\u00eas, Yoshihide Suga, disse mais tarde aos rep\u00f3rteres que o Governo debater\u00e1 a extens\u00e3o na sexta-feira. O estado de emerg\u00eancia (o terceiro do Jap\u00e3o desde que a epidemia come\u00e7ou) cobre os munic\u00edpios de T\u00f3quio, Osaka, Kyoto e Hyogo, abrangendo quase um quarto da popula\u00e7\u00e3o do pa\u00eds. A m\u00eddia local noticiou que mais dois munic\u00edpios ser\u00e3o acrescentados ao estado de emerg\u00eancia.<\/p>\n\n\n\n<p>Kanagawa, Chiba e Saitama, munic\u00edpios vizinhos a T\u00f3quio que est\u00e3o sujeitos a um estado de \u201cquase-emerg\u00eancia\u201d de restri\u00e7\u00f5es espec\u00edficas, tamb\u00e9m pediram uma prorroga\u00e7\u00e3o at\u00e9 o final de maio, e a m\u00eddia local disse que alguns outros engrossar\u00e3o a lista.<\/p>\n\n\n\n<p>\u00c0 medida que variantes se propagam, mais pessoas mais jovens est\u00e3o sendo vitimadas pelo v\u00edrus, o que cria receios de que a quarta onda possa superar a terceira de janeiro, disse Koike. Ela pediu \u00e0s pessoas que restrinjam a circula\u00e7\u00e3o como maneira de limitar o surto.<\/p>\n\n\n\n<p>O Jap\u00e3o n\u00e3o est\u00e1 sofrendo tanto com o v\u00edrus quanto outras na\u00e7\u00f5es, mas sua campanha de vacina\u00e7\u00e3o est\u00e1 lenta e muitos idosos ainda est\u00e3o esperando a imuniza\u00e7\u00e3o.<\/p>\n\n\n\n<p>Mesmo assim, o Jap\u00e3o e o Comit\u00ea Ol\u00edmpico Internacional (COI) insistem que a Olimp\u00edada acontecer\u00e1.<\/p>\n\n\n\n<p>Em uma not\u00edcia positiva para os organizadores e atletas ol\u00edmpicos, a Pfizer e sua parceira alem\u00e3 BioNTech anunciaram nesta quinta-feira que combinaram com os organizadores dos Jogos que doar\u00e3o sua vacina contra covid-19 para ajudar a imunizar os atletas e suas delega\u00e7\u00f5es para o evento.<\/p>\n","protected":false},"excerpt":{"rendered":"<p>Medida pode criar mais d\u00favidas sobre realiza\u00e7\u00e3o de Jogos Ol\u00edmpicos Por Rocky Swift, Chang-Ran Kim,<\/p>\n","protected":false},"author":2,"featured_media":14035,"comment_status":"open","ping_status":"open","sticky":false,"template":"","format":"standard","meta":{"footnotes":""},"categories":[17],"tags":[],"class_list":["post-14034","post","type-post","status-publish","format-standard","has-post-thumbnail","hentry","category-outras-noticias"],"_links":{"self":[{"href":"https:\/\/tvc16.com\/portal\/wp-json\/wp\/v2\/posts\/14034","targetHints":{"allow":["GET"]}}],"collection":[{"href":"https:\/\/tvc16.com\/portal\/wp-json\/wp\/v2\/posts"}],"about":[{"href":"https:\/\/tvc16.com\/portal\/wp-json\/wp\/v2\/types\/post"}],"author":[{"embeddable":true,"href":"https:\/\/tvc16.com\/portal\/wp-json\/wp\/v2\/users\/2"}],"replies":[{"embeddable":true,"href":"https:\/\/tvc16.com\/portal\/wp-json\/wp\/v2\/comments?post=14034"}],"version-history":[{"count":1,"href":"https:\/\/tvc16.com\/portal\/wp-json\/wp\/v2\/posts\/14034\/revisions"}],"predecessor-version":[{"id":14036,"href":"https:\/\/tvc16.com\/portal\/wp-json\/wp\/v2\/posts\/14034\/revisions\/14036"}],"wp:featuredmedia":[{"embeddable":true,"href":"https:\/\/tvc16.com\/portal\/wp-json\/wp\/v2\/media\/14035"}],"wp:attachment":[{"href":"https:\/\/tvc16.com\/portal\/wp-json\/wp\/v2\/media?parent=14034"}],"wp:term":[{"taxonomy":"category","embeddable":true,"href":"https:\/\/tvc16.com\/portal\/wp-json\/wp\/v2\/categories?post=14034"},{"taxonomy":"post_tag","embeddable":true,"href":"https:\/\/tvc16.com\/portal\/wp-json\/wp\/v2\/tags?post=14034"}],"curies":[{"name":"wp","href":"https:\/\/api.w.org\/{rel}","templated":true}]}}