{"id":14037,"date":"2021-05-06T18:04:10","date_gmt":"2021-05-06T21:04:10","guid":{"rendered":"https:\/\/tvc16.com\/portal\/?p=14037"},"modified":"2021-05-06T18:04:12","modified_gmt":"2021-05-06T21:04:12","slug":"conmebol-confirma-dias-e-horarios-do-retorno-das-eliminatorias","status":"publish","type":"post","link":"https:\/\/tvc16.com\/portal\/2021\/05\/06\/conmebol-confirma-dias-e-horarios-do-retorno-das-eliminatorias\/","title":{"rendered":"Conmebol confirma dias e hor\u00e1rios do retorno das Eliminat\u00f3rias"},"content":{"rendered":"\n<h3 class=\"wp-block-heading\">Brasil enfrenta Equador em Porto Alegre no dia 4 de junho \u00e0s 21h30<\/h3>\n\n\n\n<h4 class=\"wp-block-heading\">Por Ag\u00eancia Brasil &#8211; Rio de Janeiro<\/h4>\n\n\n\n<p>A Confedera\u00e7\u00e3o Sul-Americana de Futebol (Conmebol) anunciou nesta quinta-feira (6) que a partida entre Brasil e Equador, v\u00e1lida pelas Eliminat\u00f3rias Sul-Americanas para a Copa do Mundo do Catar (2022), acontecer\u00e1 \u00e0s 21h30 (hor\u00e1rio de Bras\u00edlia) do dia 4 de junho no est\u00e1dio Beira Rio, em Porto Alegre.<img decoding=\"async\" src=\"https:\/\/agenciabrasil.ebc.com.br\/ebc.png?id=1408948&amp;o=node\"><img decoding=\"async\" src=\"https:\/\/agenciabrasil.ebc.com.br\/ebc.gif?id=1408948&amp;o=node\"><\/p>\n\n\n\n<p>No final de abril, a Confedera\u00e7\u00e3o Brasileira de Futebol (CBF) j\u00e1 havia tornado p\u00fablico a data e o local de realiza\u00e7\u00e3o da partida, mas ainda faltava a confirma\u00e7\u00e3o do hor\u00e1rio, o que foi feito nesta quinta.<\/p>\n\n\n\n<p>Al\u00e9m disso, foi confimado que quatro dias depois (8 de junho), a equipe comandada pelo t\u00e9cnico Tite medir\u00e1 for\u00e7as com o Paraguai em Assun\u00e7\u00e3o a partir das 20h30. As duas partidas acontecem antes do in\u00edcio da participa\u00e7\u00e3o da sele\u00e7\u00e3o brasileira na Copa Am\u00e9rica, programada para acontecer entre 11 de junho e 10 de julho na Argentina e na Col\u00f4mbia.<\/p>\n\n\n\n<p>O Brasil \u00e9 o l\u00edder das Eliminat\u00f3rias Sul-Americanas para a Copa do Mundo com 100% de aproveitamento, com 4 vit\u00f3rias em 4 partidas.<\/p>\n\n\n\n<p>Edi\u00e7\u00e3o: F\u00e1bio Lisboa<\/p>\n","protected":false},"excerpt":{"rendered":"<p>Brasil enfrenta Equador em Porto Alegre no dia 4 de junho \u00e0s 21h30 Por Ag\u00eancia<\/p>\n","protected":false},"author":2,"featured_media":14038,"comment_status":"open","ping_status":"open","sticky":false,"template":"","format":"standard","meta":{"footnotes":""},"categories":[17],"tags":[],"class_list":["post-14037","post","type-post","status-publish","format-standard","has-post-thumbnail","hentry","category-outras-noticias"],"_links":{"self":[{"href":"https:\/\/tvc16.com\/portal\/wp-json\/wp\/v2\/posts\/14037","targetHints":{"allow":["GET"]}}],"collection":[{"href":"https:\/\/tvc16.com\/portal\/wp-json\/wp\/v2\/posts"}],"about":[{"href":"https:\/\/tvc16.com\/portal\/wp-json\/wp\/v2\/types\/post"}],"author":[{"embeddable":true,"href":"https:\/\/tvc16.com\/portal\/wp-json\/wp\/v2\/users\/2"}],"replies":[{"embeddable":true,"href":"https:\/\/tvc16.com\/portal\/wp-json\/wp\/v2\/comments?post=14037"}],"version-history":[{"count":1,"href":"https:\/\/tvc16.com\/portal\/wp-json\/wp\/v2\/posts\/14037\/revisions"}],"predecessor-version":[{"id":14039,"href":"https:\/\/tvc16.com\/portal\/wp-json\/wp\/v2\/posts\/14037\/revisions\/14039"}],"wp:featuredmedia":[{"embeddable":true,"href":"https:\/\/tvc16.com\/portal\/wp-json\/wp\/v2\/media\/14038"}],"wp:attachment":[{"href":"https:\/\/tvc16.com\/portal\/wp-json\/wp\/v2\/media?parent=14037"}],"wp:term":[{"taxonomy":"category","embeddable":true,"href":"https:\/\/tvc16.com\/portal\/wp-json\/wp\/v2\/categories?post=14037"},{"taxonomy":"post_tag","embeddable":true,"href":"https:\/\/tvc16.com\/portal\/wp-json\/wp\/v2\/tags?post=14037"}],"curies":[{"name":"wp","href":"https:\/\/api.w.org\/{rel}","templated":true}]}}