{"id":14040,"date":"2021-05-06T18:05:33","date_gmt":"2021-05-06T21:05:33","guid":{"rendered":"https:\/\/tvc16.com\/portal\/?p=14040"},"modified":"2021-05-06T18:05:35","modified_gmt":"2021-05-06T21:05:35","slug":"pandemia-leva-a-retracao-de-67-na-atividade-economica-diz-firjan","status":"publish","type":"post","link":"https:\/\/tvc16.com\/portal\/2021\/05\/06\/pandemia-leva-a-retracao-de-67-na-atividade-economica-diz-firjan\/","title":{"rendered":"Pandemia leva \u00e0 retra\u00e7\u00e3o de 6,7% na atividade econ\u00f4mica, diz Firjan"},"content":{"rendered":"\n<h3 class=\"wp-block-heading\">Foram analisados 14 estados que, juntos, representam 87,8% do PIB<\/h3>\n\n\n\n<h4 class=\"wp-block-heading\">Por Alana Gandra &#8211; Rep\u00f3rter da Ag\u00eancia Brasil &#8211; Rio de Janeiro<\/h4>\n\n\n\n<p>Estudo divulgado pela Federa\u00e7\u00e3o das Ind\u00fastrias do Estado do Rio&nbsp;de Janeiro&nbsp;(Firjan)&nbsp;revela que a atividade econ\u00f4mica no Brasil experimentou retra\u00e7\u00e3o de 6,7% no per\u00edodo de 12 meses, iniciado em mar\u00e7o de 2020, com o surgimento da pandemia do novo coronav\u00edrus, at\u00e9 fevereiro de 2021.<img decoding=\"async\" src=\"https:\/\/agenciabrasil.ebc.com.br\/ebc.png?id=1408946&amp;o=node\"><img decoding=\"async\" src=\"https:\/\/agenciabrasil.ebc.com.br\/ebc.gif?id=1408946&amp;o=node\"><\/p>\n\n\n\n<p>O levantamento&nbsp;O impacto regional da pandemia nos tr\u00eas grandes setores econ\u00f4micos&nbsp;mostra quais os estados brasileiros sofreram mais fortemente os efeitos da covid-19.<\/p>\n\n\n\n<p>Para isso, os economistas da Firjan usaram dados disponibilizados pelo Instituto Brasileiro de Geografia e Estat\u00edstica (IBGE) para os tr\u00eas grandes setores da economia (ind\u00fastria, com\u00e9rcio e servi\u00e7os).&nbsp;<\/p>\n\n\n\n<p>O gerente de Estudos Econ\u00f4micos da Firjan, Jonathas Goulart, disse&nbsp;hoje&nbsp;(6) \u00e0&nbsp;<strong>Ag\u00eancia Brasil&nbsp;<\/strong>que somente 14 unidades da federa\u00e7\u00e3o t\u00eam informa\u00e7\u00f5es mensais para as pesquisas do IBGE. Juntos, esses&nbsp;estados representam 87,8% do Produto Interno Bruto (PIB, soma de todos os bens e servi\u00e7os produzidos no pa\u00eds) nacional.<\/p>\n\n\n\n<h2 class=\"wp-block-heading\">Servi\u00e7os<\/h2>\n\n\n\n<p>No setor de servi\u00e7os,&nbsp;os estados da Bahia e do Cear\u00e1, que t\u00eam maior peso do setor no PIB, apresentam as piores taxas, de -16,2,% e -15,3%, respectivamente. \u201cOs estados que t\u00eam atividade de servi\u00e7os mais forte dentro da sua produ\u00e7\u00e3o, do seu PIB, acabaram tendo mais bens impactados e sofrendo mais os revezes da pandemia do novo coronav\u00edrus, ao passo que os estados que t\u00eam ind\u00fastria mais forte acabaram sofrendo menos\u201d, afirmou.<\/p>\n\n\n\n<p>No Rio&nbsp;de Janeiro, onde o setor tem peso de quase 70% no PIB, a queda foi de 8,6%. \u201cS\u00e3o estados que t\u00eam atividade de turismo tamb\u00e9m muito forte\u201d, destacou o economista. Em termos de pa\u00eds, a retra\u00e7\u00e3o de servi\u00e7os atingiu 8,3%.<\/p>\n\n\n\n<p>Al\u00e9m da Bahia, do Cear\u00e1 e do Rio&nbsp;de Janeiro, foram avaliados os resultados do Rio Grande do Sul (-13%), Pernambuco (-14,6%), Esp\u00edrito Santo (-7%), S\u00e3o Paulo (-8,1%), Paran\u00e1 (-10,6%), Goi\u00e1s (-7,2%), Minas Gerais (-5,2%), Mato Grosso (-2,2%), Santa Catarina (-2,9%) e Par\u00e1 (-0,7%). Na an\u00e1lise setorial, o setor de servi\u00e7os teve taxa positiva somente no Amazonas (+0,6%), explicada pelo desempenho do segmento de log\u00edstica, que teve grande escalada de demanda por conta do crescimento das vendas &#8216;online&#8217;.<\/p>\n\n\n\n<h2 class=\"wp-block-heading\">Com\u00e9rcio e ind\u00fastria<\/h2>\n\n\n\n<p>No com\u00e9rcio, metade dos estados analisados registrou taxa negativa. S\u00e3o eles Bahia (-8,5%), Rio Grande do Sul (-6,7%), Cear\u00e1 (-5,7%), S\u00e3o Paulo (-4,4%), Rio&nbsp;de Janeiro&nbsp;(-4,2%), Goi\u00e1s (-3,1%) e Paran\u00e1 (-1,2%).<\/p>\n\n\n\n<p>No Brasil, a atividade do com\u00e9rcio caiu 1,9% entre mar\u00e7o de 2020 e fevereiro deste ano. Par\u00e1 teve o melhor desempenho no com\u00e9rcio (+8,1%), explicado, principalmente, pelas vendas no&nbsp;<em>e-commerce<\/em>&nbsp;( com\u00e9rcio eletr\u00f4nico). O setor evoluiu de forma positiva tamb\u00e9m em Pernambuco e Mato Grosso (+0,1% cada), Santa Catarina (+1,9%), Amazonas (+2,4%), Minas Gerais (+2,8%) e Esp\u00edrito Santo (+3,6%).<\/p>\n\n\n\n<p>Segundo o&nbsp;economista, a ind\u00fastria no Rio de Janeiro, em especial a ind\u00fastria extrativa, conseguiu manter a trajet\u00f3ria de produ\u00e7\u00e3o, \u201cmesmo em ano de pandemia\u201d. Isso fez com que a atividade industrial do estado impedisse uma queda maior da atividade econ\u00f4mica no estado. A atividade industrial caiu 2,1% no estado, nos 12 meses analisados, metade da queda registrada para o setor no Brasil (-4,2%).<\/p>\n\n\n\n<p>A ind\u00fastria registrou taxa positiva somente em Pernambuco (+3%) e no Par\u00e1 (+0,1%). Nesse estado, o destaque vai para a ind\u00fastria extrativa, impulsionada pelas exporta\u00e7\u00f5es de m\u00edn\u00e9rio de ferro, informou Goulart.<\/p>\n\n\n\n<p>As maiores quedas no setor industrial foram observadas no Esp\u00edrito Santo (-13,9%) e na Bahia (-9,3%). Na Bahia, segundo&nbsp;Goulart,&nbsp;o estado sofreu muito com a queda da produ\u00e7\u00e3o de ve\u00edculos (-55,5% na taxa acumulada em doze meses at\u00e9 fevereiro de 2021), intensificada pelo fechamento da f\u00e1brica da Ford, em Cama\u00e7ari.<\/p>\n\n\n\n<h2 class=\"wp-block-heading\">Ranking<\/h2>\n\n\n\n<p>O estudo tra\u00e7a ainda um&nbsp;<em>ranking<\/em>&nbsp;de desempenho da atividade econ\u00f4mica, levando em considera\u00e7\u00e3o o peso de cada setor no respectivo PIB de cada estado. A percep\u00e7\u00e3o \u00e9 que os estados com maior peso do setor de servi\u00e7os no PIB tiveram a maior queda em sua atividade econ\u00f4mica nos doze meses avaliados. \u00c9 o caso da Bahia (-13,5%) e do Cear\u00e1 (-12%). No sentido inverso, o \u00fanico estado com aumento da atividade foi o Par\u00e1 (+0,6%).<\/p>\n\n\n\n<p>Nos demais estados, a atividade econ\u00f4mica foi negativa no Rio Grande do Sul (-10,5%), em Pernambuco (-7,9%), no Esp\u00edrito Santo (-7,7%), em S\u00e3o Paulo (-6,9%), no Paran\u00e1 (-6,8%), no Rio&nbsp;de Janeiro&nbsp;(-6,6%), em Goi\u00e1s (-5,1%), em Minas Gerais (-2,9%), no Mato Grosso (-2,5%), em Santa Catarina e no Amazonas (-2,1% cada).<\/p>\n\n\n\n<p>Para a Firjan, diante do comportamento cr\u00edtico da atividade econ\u00f4mica nos estados analisados, a velocidade e o sucesso do programa de imuniza\u00e7\u00e3o contra a covid-19 s\u00e3o fundamentais para que o pa\u00eds consiga superar a crise gerada pela pandemia.<\/p>\n\n\n\n<p>A partir da identifica\u00e7\u00e3o do padr\u00e3o de recupera\u00e7\u00e3o das economias e dos tr\u00eas setores nesses estados, os economistas da federa\u00e7\u00e3o pretendem atualizar o estudo, identificando a velocidade dessa recupera\u00e7\u00e3o.<\/p>\n\n\n\n<p>Veja o gr\u00e1fico:<\/p>\n\n\n\n<figure class=\"wp-block-image\"><img decoding=\"async\" src=\"https:\/\/imagens.ebc.com.br\/0MeIQ0cP7OkhCXiLeGZanTDlp6I=\/754x0\/smart\/https:\/\/agenciabrasil.ebc.com.br\/sites\/default\/files\/thumbnails\/image\/grafico_firjan.jpg?itok=ucosQ4P7\" alt=\"Gr\u00e1fico Firjan\" title=\"Divulga\u00e7\u00e3o Firjan\"\/><\/figure>\n\n\n\n<p>Gr\u00e1fico Firjan &#8211;&nbsp;<strong>Divulga\u00e7\u00e3o Firjan<\/strong><\/p>\n\n\n\n<p>Edi\u00e7\u00e3o: Maria Claudia<\/p>\n","protected":false},"excerpt":{"rendered":"<p>Foram analisados 14 estados que, juntos, representam 87,8% do PIB Por Alana Gandra &#8211; Rep\u00f3rter<\/p>\n","protected":false},"author":2,"featured_media":14041,"comment_status":"open","ping_status":"open","sticky":false,"template":"","format":"standard","meta":{"footnotes":""},"categories":[17],"tags":[],"class_list":["post-14040","post","type-post","status-publish","format-standard","has-post-thumbnail","hentry","category-outras-noticias"],"_links":{"self":[{"href":"https:\/\/tvc16.com\/portal\/wp-json\/wp\/v2\/posts\/14040","targetHints":{"allow":["GET"]}}],"collection":[{"href":"https:\/\/tvc16.com\/portal\/wp-json\/wp\/v2\/posts"}],"about":[{"href":"https:\/\/tvc16.com\/portal\/wp-json\/wp\/v2\/types\/post"}],"author":[{"embeddable":true,"href":"https:\/\/tvc16.com\/portal\/wp-json\/wp\/v2\/users\/2"}],"replies":[{"embeddable":true,"href":"https:\/\/tvc16.com\/portal\/wp-json\/wp\/v2\/comments?post=14040"}],"version-history":[{"count":1,"href":"https:\/\/tvc16.com\/portal\/wp-json\/wp\/v2\/posts\/14040\/revisions"}],"predecessor-version":[{"id":14042,"href":"https:\/\/tvc16.com\/portal\/wp-json\/wp\/v2\/posts\/14040\/revisions\/14042"}],"wp:featuredmedia":[{"embeddable":true,"href":"https:\/\/tvc16.com\/portal\/wp-json\/wp\/v2\/media\/14041"}],"wp:attachment":[{"href":"https:\/\/tvc16.com\/portal\/wp-json\/wp\/v2\/media?parent=14040"}],"wp:term":[{"taxonomy":"category","embeddable":true,"href":"https:\/\/tvc16.com\/portal\/wp-json\/wp\/v2\/categories?post=14040"},{"taxonomy":"post_tag","embeddable":true,"href":"https:\/\/tvc16.com\/portal\/wp-json\/wp\/v2\/tags?post=14040"}],"curies":[{"name":"wp","href":"https:\/\/api.w.org\/{rel}","templated":true}]}}