{"id":14043,"date":"2021-05-06T18:06:37","date_gmt":"2021-05-06T21:06:37","guid":{"rendered":"https:\/\/tvc16.com\/portal\/?p=14043"},"modified":"2021-05-06T18:06:40","modified_gmt":"2021-05-06T21:06:40","slug":"mprj-denuncia-mae-de-henry-e-dr-jairinho-pela-morte-da-crianca","status":"publish","type":"post","link":"https:\/\/tvc16.com\/portal\/2021\/05\/06\/mprj-denuncia-mae-de-henry-e-dr-jairinho-pela-morte-da-crianca\/","title":{"rendered":"MPRJ denuncia m\u00e3e de Henry e Dr. Jairinho pela morte da crian\u00e7a"},"content":{"rendered":"\n<h3 class=\"wp-block-heading\">\u00d3rg\u00e3o pede convers\u00e3o da pris\u00e3o dos dois de tempor\u00e1ria para preventiva<\/h3>\n\n\n\n<h4 class=\"wp-block-heading\">Por L\u00e9o Rodrigues \u2013 Rep\u00f3rter da Ag\u00eancia Brasil &#8211; Rio de Janeiro<\/h4>\n\n\n\n<p>O Minist\u00e9rio P\u00fablico do Estado do Rio de Janeiro (MPRJ) denunciou hoje (5) o vereador Dr. Jairinho e a professora Monique Medeiros pela morte do filho dela, Henry Borel, de 4 anos. Tamb\u00e9m foi solicitada a convers\u00e3o da pris\u00e3o tempor\u00e1ria dos dois em pris\u00e3o preventiva, medida que os promotores consideram necess\u00e1ria para que o processo n\u00e3o sofra interfer\u00eancia. Caso a Justi\u00e7a aceite a den\u00fancia, eles ir\u00e3o responder por homic\u00eddio triplamente qualificado, tortura, fraude processual e coa\u00e7\u00e3o no curso do processo.<img decoding=\"async\" src=\"https:\/\/agenciabrasil.ebc.com.br\/ebc.png?id=1408944&amp;o=node\"><img decoding=\"async\" src=\"https:\/\/agenciabrasil.ebc.com.br\/ebc.gif?id=1408944&amp;o=node\"><\/p>\n\n\n\n<p>Monique vivia um relacionamento com o vereador do Rio de Janeiro e foi denunciada tamb\u00e9m pelo crime de falsidade ideol\u00f3gica. Segundo o MPRJ, ela prestou falsa declara\u00e7\u00e3o falsa no hospital para onde levaram a crian\u00e7a, que chegou ao local j\u00e1 sem vida. &#8220;Ao buscar atendimento para seu filho, objetivou mascarar as agress\u00f5es sofridas por este, evitando a responsabiliza\u00e7\u00e3o penal de seu companheiro\u201d, registra a den\u00fancia.<\/p>\n\n\n\n<p>O menino morreu no dia 8 de mar\u00e7o no apartamento onde morava com sua m\u00e3e e seu padrasto. O laudo de necropsia do Instituto M\u00e9dico-Legal (IML) indicou que a crian\u00e7a sofreu 23 ferimentos pelo corpo e que a causa da morte foi \u201chemorragia interna e lacera\u00e7\u00e3o hep\u00e1tica\u201d. O corpo apresentava les\u00f5es hemorr\u00e1gicas na cabe\u00e7a, les\u00f5es no nariz, hematomas no punho e abd\u00f4men, contus\u00f5es no rim e nos pulm\u00f5es, al\u00e9m de hemorragia interna e rompimento do f\u00edgado.<\/p>\n\n\n\n<p>O inqu\u00e9rito da Pol\u00edcia Civil foi conclu\u00eddo na ter\u00e7a-feira (4) com o<a href=\"https:\/\/agenciabrasil.ebc.com.br\/geral\/noticia\/2021-05\/policia-indicia-drjairinho-e-monique-pela-morte-de-henry\" target=\"_blank\" rel=\"noreferrer noopener\">&nbsp;indiciamento<\/a>&nbsp;por homic\u00eddio dos dois investigados. No curso das investiga\u00e7\u00f5es, foram recuperadas mensagens em que a bab\u00e1 de Henry relata a Monique um epis\u00f3dio em que o menino foi v\u00edtima de agress\u00e3o de Dr. Jairinho. A m\u00e3e da crian\u00e7a, segundo o delegado, n\u00e3o denunciou o ocorrido na \u00e9poca e omitiu a informa\u00e7\u00e3o no depoimento.<\/p>\n\n\n\n<p>Na den\u00fancia, o MPRJ endossou conclus\u00f5es do inqu\u00e9rito policial. \u201cOs intensos sofrimentos f\u00edsicos e mentais a que era submetida a v\u00edtima como forma de castigo pessoal e medida de car\u00e1ter preventivo consistiam em agress\u00f5es f\u00edsicas perpetradas pelo denunciado Jairo Souza Santos Junior\u201d, diz o documento. Monique \u00e9 apontada como coautora do crime por omiss\u00e3o, pois tinha o dever de prote\u00e7\u00e3o e vigil\u00e2ncia. &#8220;Sendo conhecedora das agress\u00f5es que o menor de idade sofria do padrasto e estando ainda presente no local e dia dos fatos, nada fez para evit\u00e1-las ou afast\u00e1-lo do nefasto conv\u00edvio com o denunciado Jairo\u201d, registra a den\u00fancia.<\/p>\n\n\n\n<p>Monique e Dr. Jairinho est\u00e3o em&nbsp;<a href=\"https:\/\/agenciabrasil.ebc.com.br\/geral\/noticia\/2021-04\/vereador-e-preso-no-rio-suspeito-de-envolvimento-na-morte-de-menino\" target=\"_blank\" rel=\"noreferrer noopener\">pris\u00e3o tempor\u00e1ria<\/a>&nbsp;desde o dia 8 de abril. Com o fim da investiga\u00e7\u00e3o policial, caso n\u00e3o ocorra a convers\u00e3o em pris\u00e3o preventiva, eles dever\u00e3o ser liberados para responder em liberdade. Para o MPRJ, se isso ocorrer, h\u00e1 risco de as testemunhas serem amea\u00e7adas e de interfer\u00eancias na coleta de provas. \u201cExistem pontos destacados no apenso f\u00edsico do laudo de extra\u00e7\u00e3o de conte\u00fado do aparelho celular dos denunciados que apontam que, a todo tempo, eles tentaram intimidar e cercear testemunhas, direcionar depoimentos e embara\u00e7ar as investiga\u00e7\u00f5es&#8221;, diz a den\u00fancia.<\/p>\n\n\n\n<p>No mesmo dia em que foi preso, Dr. Jairinho, que est\u00e1 no quinto mandato como vereador, foi expulso do Solidariedade, partido ao qual estava filiado. Na C\u00e2mara dos Vereadores, tramita um processo de&nbsp;<a href=\"https:\/\/agenciabrasil.ebc.com.br\/justica\/noticia\/2021-05\/camara-do-rio-prossegue-com-processo-de-cassacao-do-dr-jairinho\" target=\"_blank\" rel=\"noreferrer noopener\">cassa\u00e7\u00e3o<\/a>&nbsp;do mandato do parlamentar.<\/p>\n\n\n\n<h2 class=\"wp-block-heading\">Defesa<\/h2>\n\n\n\n<p>A defesa de Monique Medeiros, composta pelos advogados Thiago Minag\u00e9, Hugo Novais e Thaise Mattar Assad, ainda n\u00e3o se pronunciou sobre a den\u00fancia do MPRJ.<\/p>\n\n\n\n<p>Na \u00faltima ter\u00e7a-feira (6), os advogados divulgaram nota lamentando a decis\u00e3o da Pol\u00edcia Civil de n\u00e3o colher um novo depoimento da m\u00e3e de Henry. Nas \u00faltimas semanas, Monique escreveu diversas cartas onde pede desculpas a Leniel Borel, pai de Henry, e oferece uma vers\u00e3o dos fatos distinta da que apresentou em seu interrogat\u00f3rio no dia 17 de mar\u00e7o. Ela afirma ter sido pressionada a endossar uma narrativa combinada com Andr\u00e9 Barreto, advogado que representou o casal no in\u00edcio do caso.<\/p>\n\n\n\n<p>Thiago Minag\u00e9, Hugo Novais e Thaise Mattar Assad foram contratados por Monique no m\u00eas passado, quando ela decidiu ter defesa separada da de Dr. Jairinho. Os tr\u00eas advogados consideram a reconstitui\u00e7\u00e3o dos fatos imprest\u00e1vel porque, segundo eles, teria sido realizada&nbsp;<a href=\"https:\/\/agenciabrasil.ebc.com.br\/geral\/noticia\/2021-04\/nova-defesa-de-mae-do-menino-henry-insiste-em-novo-depoimento\" target=\"_blank\" rel=\"noreferrer noopener\">com base em vers\u00e3o uma irreal<\/a>, apresentada sob coa\u00e7\u00e3o e dissimula\u00e7\u00e3o.<\/p>\n\n\n\n<p>Para eles, a m\u00e3e de Henry tamb\u00e9m \u00e9 v\u00edtima no caso. Com base no testemunho de mulheres que tiveram relacionamento com Dr. Jairinho, os tr\u00eas advogados passaram a sustentar que o vereador tem perfil agressivo e que seria o \u00fanico autor do crime. Um desses casos antigos levou o MPRJ a oferecer outra den\u00fancia na semana passada contra Dr. Jairinho, acusado de ter torturado f\u00edsica e mentalmente a filha de sua ent\u00e3o namorada. A crian\u00e7a tamb\u00e9m tinha quatro anos na \u00e9poca (2011-2012).<\/p>\n\n\n\n<p>Nas cartas escritas na pris\u00e3o, Monique afirma que era induzida a tomar rem\u00e9dios para dormir e descreve epis\u00f3dios de ci\u00fame e viol\u00eancia que n\u00e3o foram relatados no interrogat\u00f3rio. Quando dep\u00f4s diante dos investigadores, ela disse que acreditava que Henry teria se acidentado ao cair da cama, vers\u00e3o similar \u00e0 do vereador.<\/p>\n\n\n\n<p>Ap\u00f3s o rompimento com Monique, o advogado Andr\u00e9 Barreto decidiu deixar tamb\u00e9m a defesa de Dr. Jairinho. O vereador passou a ser representado pelo criminalista Braz Sant&#8217;Anna, que ainda n\u00e3o de manifestou sobre a den\u00fancia do MPRJ. Em entrevistas concedidas nos \u00faltimos dias, Sant&#8217;Anna considerou inconsistente o conte\u00fado das cartas escritas por Monique.<\/p>\n\n\n\n<p>Edi\u00e7\u00e3o: N\u00e1dia Franco<\/p>\n","protected":false},"excerpt":{"rendered":"<p>\u00d3rg\u00e3o pede convers\u00e3o da pris\u00e3o dos dois de tempor\u00e1ria para preventiva Por L\u00e9o Rodrigues \u2013<\/p>\n","protected":false},"author":2,"featured_media":14044,"comment_status":"open","ping_status":"open","sticky":false,"template":"","format":"standard","meta":{"footnotes":""},"categories":[17],"tags":[],"class_list":["post-14043","post","type-post","status-publish","format-standard","has-post-thumbnail","hentry","category-outras-noticias"],"_links":{"self":[{"href":"https:\/\/tvc16.com\/portal\/wp-json\/wp\/v2\/posts\/14043","targetHints":{"allow":["GET"]}}],"collection":[{"href":"https:\/\/tvc16.com\/portal\/wp-json\/wp\/v2\/posts"}],"about":[{"href":"https:\/\/tvc16.com\/portal\/wp-json\/wp\/v2\/types\/post"}],"author":[{"embeddable":true,"href":"https:\/\/tvc16.com\/portal\/wp-json\/wp\/v2\/users\/2"}],"replies":[{"embeddable":true,"href":"https:\/\/tvc16.com\/portal\/wp-json\/wp\/v2\/comments?post=14043"}],"version-history":[{"count":1,"href":"https:\/\/tvc16.com\/portal\/wp-json\/wp\/v2\/posts\/14043\/revisions"}],"predecessor-version":[{"id":14045,"href":"https:\/\/tvc16.com\/portal\/wp-json\/wp\/v2\/posts\/14043\/revisions\/14045"}],"wp:featuredmedia":[{"embeddable":true,"href":"https:\/\/tvc16.com\/portal\/wp-json\/wp\/v2\/media\/14044"}],"wp:attachment":[{"href":"https:\/\/tvc16.com\/portal\/wp-json\/wp\/v2\/media?parent=14043"}],"wp:term":[{"taxonomy":"category","embeddable":true,"href":"https:\/\/tvc16.com\/portal\/wp-json\/wp\/v2\/categories?post=14043"},{"taxonomy":"post_tag","embeddable":true,"href":"https:\/\/tvc16.com\/portal\/wp-json\/wp\/v2\/tags?post=14043"}],"curies":[{"name":"wp","href":"https:\/\/api.w.org\/{rel}","templated":true}]}}