{"id":14049,"date":"2021-05-06T18:09:21","date_gmt":"2021-05-06T21:09:21","guid":{"rendered":"https:\/\/tvc16.com\/portal\/?p=14049"},"modified":"2021-05-06T18:09:23","modified_gmt":"2021-05-06T21:09:23","slug":"covid-19-pfizer-anuncia-doacao-de-vacinas-para-atletas-olimpicos","status":"publish","type":"post","link":"https:\/\/tvc16.com\/portal\/2021\/05\/06\/covid-19-pfizer-anuncia-doacao-de-vacinas-para-atletas-olimpicos\/","title":{"rendered":"Covid-19: Pfizer anuncia doa\u00e7\u00e3o de vacinas para atletas ol\u00edmpicos"},"content":{"rendered":"\n<h3 class=\"wp-block-heading\">In\u00edcio do megaevento foi remarcado para 23 de julho de 2021<\/h3>\n\n\n\n<h4 class=\"wp-block-heading\">Ag\u00eancia Brasil &#8211; Rio de Janeiro<\/h4>\n\n\n\n<p>A Pfizer e sua parceira alem\u00e3 BioNTech anunciaram nesta quinta-feira (6) que doar\u00e3o doses de sua vacina contra o novo coronav\u00edrus (covid-19) para ajudar a imunizar atletas e delega\u00e7\u00f5es que participar\u00e3o dos Jogos Ol\u00edmpicos e Paral\u00edmpicos de T\u00f3quio marcados para este ano.<img decoding=\"async\" src=\"https:\/\/agenciabrasil.ebc.com.br\/ebc.png?id=1408940&amp;o=node\"><img decoding=\"async\" src=\"https:\/\/agenciabrasil.ebc.com.br\/ebc.gif?id=1408940&amp;o=node\"><\/p>\n\n\n\n<p>\u201cEsta doa\u00e7\u00e3o da vacina \u00e9 outra ferramenta em nossa caixa de ferramentas de medidas para ajudar a tornar os Jogos Ol\u00edmpicos e Paraol\u00edmpicos de T\u00f3quio 2020 seguros e protegidos para todos os participantes e para mostrar solidariedade aos nossos am\u00e1veis anfitri\u00f5es japoneses\u201d, disse o presidente do Comit\u00ea Ol\u00edmpico Internacional, o alem\u00e3o Thomas Bach.<\/p>\n\n\n\n<p>\u201cEstamos convidando os atletas e as delega\u00e7\u00f5es participantes dos pr\u00f3ximos Jogos Ol\u00edmpicos e Paraol\u00edmpicos a dar o exemplo e aceitar a vacina onde e quando poss\u00edvel. Ao tomar a vacina, eles podem enviar uma mensagem poderosa de que a vacina\u00e7\u00e3o n\u00e3o \u00e9 apenas uma quest\u00e3o de sa\u00fade pessoal, mas tamb\u00e9m de solidariedade e considera\u00e7\u00e3o pelo bem-estar de outras pessoas em suas comunidades. Gostar\u00edamos de agradecer \u00e0 Pfizer e \u00e0 BioNTech por esta doa\u00e7\u00e3o muito generosa para apoiar a vacina\u00e7\u00e3o de atletas e participantes dos Jogos\u201d, acrescentou.<\/p>\n\n\n\n<p>Ap\u00f3s o adiamento do megaevento esportivo, no \u00faltimo ano, por causa da pandemia do novo coronav\u00edrus, os Jogos Ol\u00edmpicos foram remarcados para o per\u00edodo de 23 de julho a 8 de agosto de 2020, j\u00e1 os Paral\u00edmpicos passaram para o intervalo de 24 de agosto a 5 de setembro de 2021.<\/p>\n\n\n\n<p><em>* Com informa\u00e7\u00f5es da ag\u00eancia de not\u00edcias Reuters.<\/em><\/p>\n\n\n\n<p>Edi\u00e7\u00e3o: F\u00e1bio Lisboa<\/p>\n","protected":false},"excerpt":{"rendered":"<p>In\u00edcio do megaevento foi remarcado para 23 de julho de 2021 Ag\u00eancia Brasil &#8211; Rio<\/p>\n","protected":false},"author":2,"featured_media":14050,"comment_status":"open","ping_status":"open","sticky":false,"template":"","format":"standard","meta":{"footnotes":""},"categories":[17],"tags":[],"class_list":["post-14049","post","type-post","status-publish","format-standard","has-post-thumbnail","hentry","category-outras-noticias"],"_links":{"self":[{"href":"https:\/\/tvc16.com\/portal\/wp-json\/wp\/v2\/posts\/14049","targetHints":{"allow":["GET"]}}],"collection":[{"href":"https:\/\/tvc16.com\/portal\/wp-json\/wp\/v2\/posts"}],"about":[{"href":"https:\/\/tvc16.com\/portal\/wp-json\/wp\/v2\/types\/post"}],"author":[{"embeddable":true,"href":"https:\/\/tvc16.com\/portal\/wp-json\/wp\/v2\/users\/2"}],"replies":[{"embeddable":true,"href":"https:\/\/tvc16.com\/portal\/wp-json\/wp\/v2\/comments?post=14049"}],"version-history":[{"count":1,"href":"https:\/\/tvc16.com\/portal\/wp-json\/wp\/v2\/posts\/14049\/revisions"}],"predecessor-version":[{"id":14051,"href":"https:\/\/tvc16.com\/portal\/wp-json\/wp\/v2\/posts\/14049\/revisions\/14051"}],"wp:featuredmedia":[{"embeddable":true,"href":"https:\/\/tvc16.com\/portal\/wp-json\/wp\/v2\/media\/14050"}],"wp:attachment":[{"href":"https:\/\/tvc16.com\/portal\/wp-json\/wp\/v2\/media?parent=14049"}],"wp:term":[{"taxonomy":"category","embeddable":true,"href":"https:\/\/tvc16.com\/portal\/wp-json\/wp\/v2\/categories?post=14049"},{"taxonomy":"post_tag","embeddable":true,"href":"https:\/\/tvc16.com\/portal\/wp-json\/wp\/v2\/tags?post=14049"}],"curies":[{"name":"wp","href":"https:\/\/api.w.org\/{rel}","templated":true}]}}