{"id":14052,"date":"2021-05-06T18:10:59","date_gmt":"2021-05-06T21:10:59","guid":{"rendered":"https:\/\/tvc16.com\/portal\/?p=14052"},"modified":"2021-05-06T18:11:00","modified_gmt":"2021-05-06T21:11:00","slug":"ministerio-da-saude-libera-284-leitos-de-suporte-ventilatorio-pulmonar","status":"publish","type":"post","link":"https:\/\/tvc16.com\/portal\/2021\/05\/06\/ministerio-da-saude-libera-284-leitos-de-suporte-ventilatorio-pulmonar\/","title":{"rendered":"Minist\u00e9rio da Sa\u00fade libera 284 leitos de suporte ventilat\u00f3rio pulmonar"},"content":{"rendered":"\n<h3 class=\"wp-block-heading\">Dez estados e o Distrito Federal ser\u00e3o atendidos<\/h3>\n\n\n\n<h4 class=\"wp-block-heading\">Por Ag\u00eancia Brasil &#8211; Bras\u00edlia<\/h4>\n\n\n\n<p>O Minist\u00e9rio da Sa\u00fade autorizou hoje (6) mais 284 leitos com suporte ventilat\u00f3rio pulmonar para tratamento de pacientes com quadro confirmado ou com suspeita de covid-19. Os recursos atender\u00e3o a implanta\u00e7\u00e3o dessas estruturas no Distrito Federal e em dez estados.<img decoding=\"async\" src=\"https:\/\/agenciabrasil.ebc.com.br\/ebc.png?id=1408933&amp;o=node\"><img decoding=\"async\" src=\"https:\/\/agenciabrasil.ebc.com.br\/ebc.gif?id=1408933&amp;o=node\"><\/p>\n\n\n\n<p>Leitos de suporte ventilat\u00f3rio s\u00e3o utilizados para pacientes que precisam desse apoio, mas ainda n\u00e3o evolu\u00edram para um quadro grave, que demande a transfer\u00eancia para leitos de Unidade de Terapia Intensiva (UTI).<\/p>\n\n\n\n<p>Os leitos foram autorizados para diferentes modalidades de unidades de sa\u00fade que realizam atendimento desses pacientes, de hospitais de grande e pequeno portes, pronto-socorros e Unidades de Pronto Atendimento (UPAs).<\/p>\n\n\n\n<p>Foram contemplados, al\u00e9m do Distrito Federal, os estados do Cear\u00e1, Esp\u00edrito Santo, Maranh\u00e3o, Par\u00e1, Piau\u00ed, Minas Gerais, S\u00e3o Paulo, Bahia, Rio Grande do Sul e Para\u00edba. No total, ser\u00e3o destinados R$ 4 milh\u00f5es para esse apoio.<\/p>\n\n\n\n<p>At\u00e9 o momento foram autorizados 2,7 mil leitos de suporte ventilat\u00f3rio pulmonar. A autoriza\u00e7\u00e3o \u00e9 a nova modalidade de apoio financeiro dada pelo Minist\u00e9rio da Sa\u00fade, que substituiu a habilita\u00e7\u00e3o de leitos. O governo federal arca com parte das despesas. Agora, o pagamento n\u00e3o \u00e9 mais antecipado, mas mensal.<\/p>\n\n\n\n<p>Edi\u00e7\u00e3o: Kleber Sampaio<\/p>\n","protected":false},"excerpt":{"rendered":"<p>Dez estados e o Distrito Federal ser\u00e3o atendidos Por Ag\u00eancia Brasil &#8211; Bras\u00edlia O Minist\u00e9rio<\/p>\n","protected":false},"author":2,"featured_media":14053,"comment_status":"open","ping_status":"open","sticky":false,"template":"","format":"standard","meta":{"footnotes":""},"categories":[17],"tags":[],"class_list":["post-14052","post","type-post","status-publish","format-standard","has-post-thumbnail","hentry","category-outras-noticias"],"_links":{"self":[{"href":"https:\/\/tvc16.com\/portal\/wp-json\/wp\/v2\/posts\/14052","targetHints":{"allow":["GET"]}}],"collection":[{"href":"https:\/\/tvc16.com\/portal\/wp-json\/wp\/v2\/posts"}],"about":[{"href":"https:\/\/tvc16.com\/portal\/wp-json\/wp\/v2\/types\/post"}],"author":[{"embeddable":true,"href":"https:\/\/tvc16.com\/portal\/wp-json\/wp\/v2\/users\/2"}],"replies":[{"embeddable":true,"href":"https:\/\/tvc16.com\/portal\/wp-json\/wp\/v2\/comments?post=14052"}],"version-history":[{"count":1,"href":"https:\/\/tvc16.com\/portal\/wp-json\/wp\/v2\/posts\/14052\/revisions"}],"predecessor-version":[{"id":14054,"href":"https:\/\/tvc16.com\/portal\/wp-json\/wp\/v2\/posts\/14052\/revisions\/14054"}],"wp:featuredmedia":[{"embeddable":true,"href":"https:\/\/tvc16.com\/portal\/wp-json\/wp\/v2\/media\/14053"}],"wp:attachment":[{"href":"https:\/\/tvc16.com\/portal\/wp-json\/wp\/v2\/media?parent=14052"}],"wp:term":[{"taxonomy":"category","embeddable":true,"href":"https:\/\/tvc16.com\/portal\/wp-json\/wp\/v2\/categories?post=14052"},{"taxonomy":"post_tag","embeddable":true,"href":"https:\/\/tvc16.com\/portal\/wp-json\/wp\/v2\/tags?post=14052"}],"curies":[{"name":"wp","href":"https:\/\/api.w.org\/{rel}","templated":true}]}}