{"id":14055,"date":"2021-05-06T18:12:13","date_gmt":"2021-05-06T21:12:13","guid":{"rendered":"https:\/\/tvc16.com\/portal\/?p=14055"},"modified":"2021-05-06T18:12:15","modified_gmt":"2021-05-06T21:12:15","slug":"omc-faz-apelo-por-negociacoes-sobre-patentes-de-vacinas-da-covid-19","status":"publish","type":"post","link":"https:\/\/tvc16.com\/portal\/2021\/05\/06\/omc-faz-apelo-por-negociacoes-sobre-patentes-de-vacinas-da-covid-19\/","title":{"rendered":"OMC faz apelo por negocia\u00e7\u00f5es sobre patentes de vacinas da covid-19"},"content":{"rendered":"\n<h3 class=\"wp-block-heading\">EUA apoiam quebra de patentes da vacina contra o novo coronav\u00edrus<\/h3>\n\n\n\n<h4 class=\"wp-block-heading\">Por Reuters &#8211; Genebra<\/h4>\n\n\n\n<p>A chefe da Organiza\u00e7\u00e3o Mundial do Com\u00e9rcio (OMC), Ngozi Okonjo-Iweala, elogiou hoje (6) o posicionamento dos Estados Unidos a favor da quebra dos direitos de patente sobre as vacinas contra a covid-19 e fez um apelo para que os membros do \u00f3rg\u00e3o iniciem as negocia\u00e7\u00f5es o mais r\u00e1pido poss\u00edvel.<img decoding=\"async\" src=\"https:\/\/agenciabrasil.ebc.com.br\/ebc.png?id=1408937&amp;o=node\"><img decoding=\"async\" src=\"https:\/\/agenciabrasil.ebc.com.br\/ebc.gif?id=1408937&amp;o=node\"><\/p>\n\n\n\n<p>A diretora-geral da OMC disse aos estados-membros que &#8220;acolheu calorosamente&#8221; a disposi\u00e7\u00e3o dos EUA de negociar com os proponentes da ren\u00fancia tempor\u00e1ria ao Acordo Sobre os Aspectos dos Direitos de Propriedade Intelectual Relacionados ao Com\u00e9rcio (Trips, na sigla em ingl\u00eas).<\/p>\n\n\n\n<p>&#8220;Precisamos responder urgentemente \u00e0 covid-19 porque o mundo est\u00e1 assistindo e as pessoas est\u00e3o morrendo&#8221;, disse em um comunicado lido pelo porta-voz da OMC, Keith Rockwell, ap\u00f3s uma reuni\u00e3o a portas fechadas.<\/p>\n\n\n\n<p>&#8220;Estou contente que os proponentes estejam preparando uma revis\u00e3o de sua proposta e fa\u00e7o um apelo para que coloquem isso sobre a mesa o mais r\u00e1pido poss\u00edvel para que as negocia\u00e7\u00f5es baseadas em texto possam come\u00e7ar.&#8221;<\/p>\n\n\n\n<p>Ap\u00f3s dez reuni\u00f5es de membros da OMC n\u00e3o terem conseguido um avan\u00e7o, \u00cdndia e \u00c1frica do Sul disseram que revisar\u00e3o sua proposta de quebra de patente antes de outra discuss\u00e3o, no final de maio, e de uma reuni\u00e3o formal do Conselho do Trips em 8 e 9 de junho.<\/p>\n\n\n\n<p>Os Estados Unidos disseram ontem que apoiam a quebra das patentes, embora a representante comercial do pa\u00eds, Katherine Tai, tenha alertado que as negocia\u00e7\u00f5es levariam tempo.<\/p>\n","protected":false},"excerpt":{"rendered":"<p>EUA apoiam quebra de patentes da vacina contra o novo coronav\u00edrus Por Reuters &#8211; Genebra<\/p>\n","protected":false},"author":2,"featured_media":14056,"comment_status":"open","ping_status":"open","sticky":false,"template":"","format":"standard","meta":{"footnotes":""},"categories":[17],"tags":[],"class_list":["post-14055","post","type-post","status-publish","format-standard","has-post-thumbnail","hentry","category-outras-noticias"],"_links":{"self":[{"href":"https:\/\/tvc16.com\/portal\/wp-json\/wp\/v2\/posts\/14055","targetHints":{"allow":["GET"]}}],"collection":[{"href":"https:\/\/tvc16.com\/portal\/wp-json\/wp\/v2\/posts"}],"about":[{"href":"https:\/\/tvc16.com\/portal\/wp-json\/wp\/v2\/types\/post"}],"author":[{"embeddable":true,"href":"https:\/\/tvc16.com\/portal\/wp-json\/wp\/v2\/users\/2"}],"replies":[{"embeddable":true,"href":"https:\/\/tvc16.com\/portal\/wp-json\/wp\/v2\/comments?post=14055"}],"version-history":[{"count":1,"href":"https:\/\/tvc16.com\/portal\/wp-json\/wp\/v2\/posts\/14055\/revisions"}],"predecessor-version":[{"id":14057,"href":"https:\/\/tvc16.com\/portal\/wp-json\/wp\/v2\/posts\/14055\/revisions\/14057"}],"wp:featuredmedia":[{"embeddable":true,"href":"https:\/\/tvc16.com\/portal\/wp-json\/wp\/v2\/media\/14056"}],"wp:attachment":[{"href":"https:\/\/tvc16.com\/portal\/wp-json\/wp\/v2\/media?parent=14055"}],"wp:term":[{"taxonomy":"category","embeddable":true,"href":"https:\/\/tvc16.com\/portal\/wp-json\/wp\/v2\/categories?post=14055"},{"taxonomy":"post_tag","embeddable":true,"href":"https:\/\/tvc16.com\/portal\/wp-json\/wp\/v2\/tags?post=14055"}],"curies":[{"name":"wp","href":"https:\/\/api.w.org\/{rel}","templated":true}]}}