{"id":14061,"date":"2021-05-06T18:55:07","date_gmt":"2021-05-06T21:55:07","guid":{"rendered":"https:\/\/tvc16.com\/portal\/?p=14061"},"modified":"2021-05-06T18:55:09","modified_gmt":"2021-05-06T21:55:09","slug":"mais-oito-obitos-por-covid-19-sao-confirmados-em-petropolis","status":"publish","type":"post","link":"https:\/\/tvc16.com\/portal\/2021\/05\/06\/mais-oito-obitos-por-covid-19-sao-confirmados-em-petropolis\/","title":{"rendered":"Mais oito \u00f3bitos por covid-19 s\u00e3o confirmados em Petr\u00f3polis"},"content":{"rendered":"\n<p>O boletim epidemiol\u00f3gico desta quinta (06\/05) mostra que Petr\u00f3polis fez, at\u00e9 agora, 151.375 testes para Covid-19, com 33.329 resultados positivos e 113.474 negativos (levando em considera\u00e7\u00e3o testes r\u00e1pidos e Swab). Mais oito \u00f3bitos foram confirmados e inseridos na base de dados do munic\u00edpio nesta quin ta-feira.<\/p>\n\n\n\n<p>Neste momento, 151 pessoas est\u00e3o internadas em leitos de UTI privados e pelo SUS. Outras 178 est\u00e3o em leitos cl\u00ednicos, considerando leitos privados e SUS, totalizando assim, 329 interna\u00e7\u00f5es em toda a rede da cidade. A ocupa\u00e7\u00e3o de leitos cl\u00ednicos pelo SUS \u00e9 de 55,40% e 84,75% em leitos de UTI.<\/p>\n\n\n\n<p>A Secretaria de Sa\u00fade esclarece que o n\u00famero de \u00f3bitos, hoje em 1.015 \u00e9 atualizado nos boletins apenas ap\u00f3s o registro do atestado de \u00f3bito e do resultado do exame do paciente no sistema da Vigil\u00e2ncia Epidemiol\u00f3gica, o que \u00e9 feito por equipe administrativa. Trata-se de medida de seguran\u00e7a para evitar erro na informa\u00e7\u00e3o divulgada pela Secretaria de Sa\u00fade.<\/p>\n\n\n\n<p>A Secretaria acrescenta, ainda, que trabalha na atualiza\u00e7\u00e3o de dados de notifica\u00e7\u00f5es e casos em an\u00e1lise no sistema, inserindo ainda dados pendentes de meses anteriores. \u00c9 poss\u00edvel acompanhar a evolu\u00e7\u00e3o dos casos no portal da transpar\u00eancia do coronav\u00edrus, no site da Prefeitura (www.petropolis.rj.gov.br).<\/p>\n\n\n\n<p>\u00d3bitos registrados:<\/p>\n\n\n\n<p>Mulher, 58 anos, moradora no Independ\u00eancia. Internada em 29.03.2021 na UPA Cascatinha e transferida para o HCC. \u00d3bito registrado em 18.04.2021 no HCC. Paciente com hipertens\u00e3o arterial.<\/p>\n\n\n\n<p>Mulher, 57 anos, moradora no Quarteir\u00e3o Brasileiro. Internada em 22.04.2021 na UPA Cascatinha. \u00d3bito registrado em 22.04.2021 na UPA Cascatinha. Paciente com artrite reumat\u00f3ide.<\/p>\n\n\n\n<p>Homem, 51 anos, morador no Duarte da Silveira. Internado em 26.04.2021 na UPA Centro. \u00d3bito registrado em 26.04.2021 na UPA Centro.<\/p>\n\n\n\n<p>Homem, 57 anos, morador em Corr\u00eaas. Internado em 05.04.2021 na UPA Cascatinha e transferido para o HCC. \u00d3bito registrado em 26.04.2021 no HCC. Paciente com hipertens\u00e3o arterial.<\/p>\n\n\n\n<p>Homem, 72 anos, morador no Independ\u00eancia. \u00d3bito registrado em 27.04.2021. Paciente sem comorbidades.<\/p>\n\n\n\n<p>Homem, 51 anos, morador no Samambaia. Internado em 30.04.2021, no HAC. \u00d3bito registrado em 01.05.2021. Paciente com doen\u00e7a cardiovascular cr\u00f4nica.<\/p>\n\n\n\n<p>Mulher, 72 anos, moradora no Sim\u00e9ria. Internada em 03.05.2021 no HAC. \u00d3bito registrado em 04.05.2021, no HAC. Paciente com hipertens\u00e3o arterial e diabetes.<\/p>\n\n\n\n<p>Homem, 55 anos, morador no Retiro. Internado em 05.04.2021 na UPA Cascatinha e transferido para o HAC. \u00d3bito registrado em 04.05.2021 no HAC. Paciente com doen\u00e7a cardiovascular cr\u00f4nica.<\/p>\n","protected":false},"excerpt":{"rendered":"<p>O boletim epidemiol\u00f3gico desta quinta (06\/05) mostra que Petr\u00f3polis fez, at\u00e9 agora, 151.375 testes para<\/p>\n","protected":false},"author":2,"featured_media":14062,"comment_status":"open","ping_status":"open","sticky":false,"template":"","format":"standard","meta":{"footnotes":""},"categories":[12],"tags":[],"class_list":["post-14061","post","type-post","status-publish","format-standard","has-post-thumbnail","hentry","category-cidade"],"_links":{"self":[{"href":"https:\/\/tvc16.com\/portal\/wp-json\/wp\/v2\/posts\/14061","targetHints":{"allow":["GET"]}}],"collection":[{"href":"https:\/\/tvc16.com\/portal\/wp-json\/wp\/v2\/posts"}],"about":[{"href":"https:\/\/tvc16.com\/portal\/wp-json\/wp\/v2\/types\/post"}],"author":[{"embeddable":true,"href":"https:\/\/tvc16.com\/portal\/wp-json\/wp\/v2\/users\/2"}],"replies":[{"embeddable":true,"href":"https:\/\/tvc16.com\/portal\/wp-json\/wp\/v2\/comments?post=14061"}],"version-history":[{"count":1,"href":"https:\/\/tvc16.com\/portal\/wp-json\/wp\/v2\/posts\/14061\/revisions"}],"predecessor-version":[{"id":14063,"href":"https:\/\/tvc16.com\/portal\/wp-json\/wp\/v2\/posts\/14061\/revisions\/14063"}],"wp:featuredmedia":[{"embeddable":true,"href":"https:\/\/tvc16.com\/portal\/wp-json\/wp\/v2\/media\/14062"}],"wp:attachment":[{"href":"https:\/\/tvc16.com\/portal\/wp-json\/wp\/v2\/media?parent=14061"}],"wp:term":[{"taxonomy":"category","embeddable":true,"href":"https:\/\/tvc16.com\/portal\/wp-json\/wp\/v2\/categories?post=14061"},{"taxonomy":"post_tag","embeddable":true,"href":"https:\/\/tvc16.com\/portal\/wp-json\/wp\/v2\/tags?post=14061"}],"curies":[{"name":"wp","href":"https:\/\/api.w.org\/{rel}","templated":true}]}}