{"id":14067,"date":"2021-05-07T10:34:50","date_gmt":"2021-05-07T13:34:50","guid":{"rendered":"https:\/\/tvc16.com\/portal\/?p=14067"},"modified":"2021-05-07T14:52:10","modified_gmt":"2021-05-07T17:52:10","slug":"morre-pe-francisco-montemezzo","status":"publish","type":"post","link":"https:\/\/tvc16.com\/portal\/2021\/05\/07\/morre-pe-francisco-montemezzo\/","title":{"rendered":"Morre Pe. Francisco Montemezzo"},"content":{"rendered":"\n<p>\u00c0s 8h30 de hoje (07), teve in\u00edcio o vel\u00f3rio do Padre Francisco Montemezzo, de 83 anos. Ele morreu na noite de ontem (06), depois de passar alguns meses internado no Hospital SMH. O padre ficou a frente da Par\u00f3quia do Alto da Serra por mais de 30 ano, e era muito conhecido por ajudar as pessoas. O bispo da Diocese de Petr\u00f3polis, Dom Greg\u00f3rio Paix\u00e3o, OSB, manifestou sua tristeza pela morte do Padre Francisco.<\/p>\n\n\n\n<p>As missas em homenagem ao padre come\u00e7aram \u00e0s 9h, e continuam \u00e0s 11h, 12h, 13h, 14h e \u00e0s 15h. Esta \u00faltima ser\u00e1 presidida pelo bispo diocesano, Dom<br>Greg\u00f3rio Paix\u00e3o, OSB, e a seguir segue o cortejo para o sepultamento<\/p>\n\n\n\n<p>Francisco Montemezzo nasceu na It\u00e1lia. Teve inf\u00e2ncia modesta e sempre<br>cultivou o sonho de ser padre, algo que alcan\u00e7ou aos 25 anos, na cidade<br>italiana de P\u00e1dua. Aos 27, se tornou mission\u00e1rio no Equador, ficando<br>naquele pa\u00eds por dois anos.<\/p>\n\n\n\n<p>Em 1975, o padre Francisco veio para Petr\u00f3polis, atuando na Par\u00f3quia de<br>S\u00e3o Jos\u00e9 do Itamarati. Na igreja do segundo distrito, formou os grupos<br>Shalon e Nova Gera\u00e7\u00e3o, e se destacou pelo trabalho social, com visitas aos<br>hospitais e distribui\u00e7\u00f5es de cestas b\u00e1sicas.<\/p>\n\n\n\n<p>Em 1984, Montemezzo foi para a par\u00f3quia do Alto da Serra, onde continuou<br>este trabalho e criou uma verdadeira identidade com os moradores do<br>bairro. Ele ficou por l\u00e1 at\u00e9 2015, quando foi nomeado p\u00e1roco em\u00e9rito.<\/p>\n","protected":false},"excerpt":{"rendered":"<p>\u00c0s 8h30 de hoje (07), teve in\u00edcio o vel\u00f3rio do Padre Francisco Montemezzo, de 83<\/p>\n","protected":false},"author":2,"featured_media":14068,"comment_status":"open","ping_status":"open","sticky":false,"template":"","format":"standard","meta":{"footnotes":""},"categories":[12],"tags":[],"class_list":["post-14067","post","type-post","status-publish","format-standard","has-post-thumbnail","hentry","category-cidade"],"_links":{"self":[{"href":"https:\/\/tvc16.com\/portal\/wp-json\/wp\/v2\/posts\/14067","targetHints":{"allow":["GET"]}}],"collection":[{"href":"https:\/\/tvc16.com\/portal\/wp-json\/wp\/v2\/posts"}],"about":[{"href":"https:\/\/tvc16.com\/portal\/wp-json\/wp\/v2\/types\/post"}],"author":[{"embeddable":true,"href":"https:\/\/tvc16.com\/portal\/wp-json\/wp\/v2\/users\/2"}],"replies":[{"embeddable":true,"href":"https:\/\/tvc16.com\/portal\/wp-json\/wp\/v2\/comments?post=14067"}],"version-history":[{"count":2,"href":"https:\/\/tvc16.com\/portal\/wp-json\/wp\/v2\/posts\/14067\/revisions"}],"predecessor-version":[{"id":14080,"href":"https:\/\/tvc16.com\/portal\/wp-json\/wp\/v2\/posts\/14067\/revisions\/14080"}],"wp:featuredmedia":[{"embeddable":true,"href":"https:\/\/tvc16.com\/portal\/wp-json\/wp\/v2\/media\/14068"}],"wp:attachment":[{"href":"https:\/\/tvc16.com\/portal\/wp-json\/wp\/v2\/media?parent=14067"}],"wp:term":[{"taxonomy":"category","embeddable":true,"href":"https:\/\/tvc16.com\/portal\/wp-json\/wp\/v2\/categories?post=14067"},{"taxonomy":"post_tag","embeddable":true,"href":"https:\/\/tvc16.com\/portal\/wp-json\/wp\/v2\/tags?post=14067"}],"curies":[{"name":"wp","href":"https:\/\/api.w.org\/{rel}","templated":true}]}}