{"id":14070,"date":"2021-05-07T10:54:20","date_gmt":"2021-05-07T13:54:20","guid":{"rendered":"https:\/\/tvc16.com\/portal\/?p=14070"},"modified":"2021-05-07T14:51:31","modified_gmt":"2021-05-07T17:51:31","slug":"policial-petropolitano-morre-em-operacao-no-jacarezinho-no-rj","status":"publish","type":"post","link":"https:\/\/tvc16.com\/portal\/2021\/05\/07\/policial-petropolitano-morre-em-operacao-no-jacarezinho-no-rj\/","title":{"rendered":"Policial petropolitano morre em opera\u00e7\u00e3o no Jacarezinho no RJ"},"content":{"rendered":"\n<p>O corpo do inspetor da Pol\u00edcia Civil Andr\u00e9 Leonardo de Mello Frias, de 48 anos, ser\u00e1 sepultado hoje (7), \u00e0s 15h30, no cemit\u00e9rio Jardim da Saudade, em Sulacap, zona oeste do Rio. Ele fazia parte da DCOD (Delegacia de Combate \u00e0s Drogas) e estava na opera\u00e7\u00e3o na comunidade do Jacarezinho, na Zona Norte do Rio, realizada ontem (07), contra o aliciamento de crian\u00e7as e adolescente para o tr\u00e1fico de drogas da regi\u00e3o. Ele foi atingido com um tiro na cabe\u00e7a, chegou a ser socorrido para o Hospital Municipal Salgado Filho, no M\u00e9ier, mas n\u00e3o resistiu. <\/p>\n\n\n\n<p>Andr\u00e9 era casado e deixou um enteado de 10 anos, al\u00e9m da m\u00e3e que \u00e9 acamada h\u00e1 tr\u00eas anos, por ter sofrido um AVC. O policial foi atingido logo que desceu do Caveir\u00e3o, o ve\u00edculo blindado da Pol\u00edcia Civil. O agente foi uma das 25 pessoas que morreram na opera\u00e7\u00e3o. Ele cresceu na localidade do Loteamento Itamarati, em Cascatinha, e estudou no antigo Col\u00e9gio Instituto Social S\u00e3o Jos\u00e9.<\/p>\n\n\n\n<p>Uma nota de pesar foi publicada pela Pol\u00edcia Civil do Rio de Janeiro (Sepol). \u201cA Sepol se solidariza com amigos e familiares, e sente muito a dor pela morte do inspetor que teve uma trajet\u00f3ria ilibada na institui\u00e7\u00e3o, sendo admirado e respeitado por todos. Ele honrou a profiss\u00e3o que amava e deixar\u00e1 saudade. Mas tamb\u00e9m deixa o sentimento de que o trabalho n\u00e3o pode parar\u201d, diz a nota.<\/p>\n\n\n\n<p>Foto: rede social<\/p>\n","protected":false},"excerpt":{"rendered":"<p>O corpo do inspetor da Pol\u00edcia Civil Andr\u00e9 Leonardo de Mello Frias, de 48 anos,<\/p>\n","protected":false},"author":2,"featured_media":14071,"comment_status":"open","ping_status":"open","sticky":false,"template":"","format":"standard","meta":{"footnotes":""},"categories":[12],"tags":[],"class_list":["post-14070","post","type-post","status-publish","format-standard","has-post-thumbnail","hentry","category-cidade"],"_links":{"self":[{"href":"https:\/\/tvc16.com\/portal\/wp-json\/wp\/v2\/posts\/14070","targetHints":{"allow":["GET"]}}],"collection":[{"href":"https:\/\/tvc16.com\/portal\/wp-json\/wp\/v2\/posts"}],"about":[{"href":"https:\/\/tvc16.com\/portal\/wp-json\/wp\/v2\/types\/post"}],"author":[{"embeddable":true,"href":"https:\/\/tvc16.com\/portal\/wp-json\/wp\/v2\/users\/2"}],"replies":[{"embeddable":true,"href":"https:\/\/tvc16.com\/portal\/wp-json\/wp\/v2\/comments?post=14070"}],"version-history":[{"count":2,"href":"https:\/\/tvc16.com\/portal\/wp-json\/wp\/v2\/posts\/14070\/revisions"}],"predecessor-version":[{"id":14079,"href":"https:\/\/tvc16.com\/portal\/wp-json\/wp\/v2\/posts\/14070\/revisions\/14079"}],"wp:featuredmedia":[{"embeddable":true,"href":"https:\/\/tvc16.com\/portal\/wp-json\/wp\/v2\/media\/14071"}],"wp:attachment":[{"href":"https:\/\/tvc16.com\/portal\/wp-json\/wp\/v2\/media?parent=14070"}],"wp:term":[{"taxonomy":"category","embeddable":true,"href":"https:\/\/tvc16.com\/portal\/wp-json\/wp\/v2\/categories?post=14070"},{"taxonomy":"post_tag","embeddable":true,"href":"https:\/\/tvc16.com\/portal\/wp-json\/wp\/v2\/tags?post=14070"}],"curies":[{"name":"wp","href":"https:\/\/api.w.org\/{rel}","templated":true}]}}