{"id":1408,"date":"2020-09-28T13:08:11","date_gmt":"2020-09-28T13:08:11","guid":{"rendered":"https:\/\/tvc16.com\/portal\/?p=1408"},"modified":"2020-09-28T13:08:37","modified_gmt":"2020-09-28T13:08:37","slug":"caixa-paga-hoje-auxilio-emergencial-para-94-milhoes-de-trabalhadores","status":"publish","type":"post","link":"https:\/\/tvc16.com\/portal\/2020\/09\/28\/caixa-paga-hoje-auxilio-emergencial-para-94-milhoes-de-trabalhadores\/","title":{"rendered":"Caixa paga hoje aux\u00edlio emergencial para 9,4 milh\u00f5es de trabalhadores"},"content":{"rendered":"\n<p>Para o Bolsa Fam\u00edlia ser\u00e3o destinados R$ 427,6 milh\u00f5es<\/p>\n\n\n\n<p>A Caixa Econ\u00f4mica Federal paga hoje (28) mais uma parcela do Aux\u00edlio Emergencial a 9,4 milh\u00f5es de trabalhadores. Benefici\u00e1rios do Bolsa Fam\u00edlia com final de NIS n\u00famero 8 e pessoas nascidas em outubro e novembro, conforme calend\u00e1rio do clico 2, receber\u00e3o os recursos.<img decoding=\"async\" src=\"https:\/\/agenciabrasil.ebc.com.br\/ebc.png?id=1389109&amp;o=node\"><img decoding=\"async\" src=\"https:\/\/agenciabrasil.ebc.com.br\/ebc.gif?id=1389109&amp;o=node\"><\/p>\n\n\n\n<p>No caso dos benefici\u00e1rios do Bolsa Fam\u00edlia, ser\u00e3o R$ 427,6 milh\u00f5es do aux\u00edlio emergencial extens\u00e3o, pagos a 1,6 milh\u00e3o de pessoas. No total, 16,3 milh\u00f5es de pessoas cadastradas no Bolsa Fam\u00edlia foram consideradas eleg\u00edveis para a primeira parcela do aux\u00edlio residual, no valor de at\u00e9 R$ 300 ou em at\u00e9 R$ 600, no caso de mulher provedora de fam\u00edlia monoparental.<\/p>\n\n\n\n<p>Se o valor do Bolsa Fam\u00edlia for igual ou maior que R$ 300 ou R$ 600, o benefici\u00e1rio receber\u00e1 o valor do Bolsa Fam\u00edlia, sempre privilegiando o benef\u00edcio de maior valor. O pagamento atende aos mesmos crit\u00e9rios e datas do benef\u00edcio regular, permitindo a utiliza\u00e7\u00e3o do cart\u00e3o nos canais de autoatendimento, Lot\u00e9ricas e correspondentes Caixa Aqui; ou por cr\u00e9dito na conta Caixa F\u00e1cil.<\/p>\n\n\n\n<h2 class=\"wp-block-heading\">Ciclo 2<\/h2>\n\n\n\n<p>Outras 7,8 milh\u00f5es de pessoas nascidas em outubro e novembro receber\u00e3o o total de R$ 5,1 bilh\u00f5es do aux\u00edlio emergencial nesta segunda-feira, conforme calend\u00e1rio do ciclo 2 do programa. O valor \u00e9 de R$ 600 ou em R$ 1,2 mil, no caso de mulher provedora de fam\u00edlia monoparental.<\/p>\n\n\n\n<p>Neste ciclo, mais tr\u00eas p\u00fablicos foram inclu\u00eddos: trabalhadores que fizeram o cadastro nas ag\u00eancias dos Correios entre 2 de junho e 8 de julho; trabalhadores que fizeram a contesta\u00e7\u00e3o pelo&nbsp;<em>site<\/em>&nbsp;da Caixa ou App Caixa Aux\u00edlio Emergencial de 3 de julho a 16 de agosto e foram considerados eleg\u00edveis; benefici\u00e1rios que tenham recebido a primeira parcela em meses anteriores, mas que tiveram o benef\u00edcio reavaliado em agosto.<\/p>\n\n\n\n<p>Os recursos podem ser movimentados por meio do aplicativo Caixa Tem. Com ele \u00e9 poss\u00edvel pagar boletos e fazer compras na internet e nas maquininhas em mais de 1 milh\u00e3o de estabelecimentos comerciais.<\/p>\n\n\n\n<p>O calend\u00e1rio de pagamentos do aux\u00edlio emergencial \u00e9 organizado em ciclos de cr\u00e9dito em conta poupan\u00e7a social digital e de saque em esp\u00e9cie. Os benefici\u00e1rios recebem a parcela a que t\u00eam direito no per\u00edodo de acordo com o m\u00eas de nascimento. Para os benefici\u00e1rios nascidos em outubro e novembro, os saques e transfer\u00eancias ser\u00e3o liberados nos dias 20 e 22 de outubro, respectivamente.<\/p>\n\n\n\n<p>Aqueles que tiveram os pagamentos retidos v\u00e3o receber todas as parcelas a que t\u00eam direito de uma s\u00f3 vez, dentro do Ciclo 2. J\u00e1 os trabalhadores que optaram por realizar o cadastro nos Correios e aqueles que contestaram v\u00e3o receber a primeira parcela dentro do Ciclo 2. As parcelas P2 e P3 ser\u00e3o pagas no Ciclo 3 e as parcelas P4 e P5, no Ciclo 4.<\/p>\n\n\n\n<p>Edi\u00e7\u00e3o: Val\u00e9ria Aguiar<\/p>\n","protected":false},"excerpt":{"rendered":"<p>Para o Bolsa Fam\u00edlia ser\u00e3o destinados R$ 427,6 milh\u00f5es A Caixa Econ\u00f4mica Federal paga hoje<\/p>\n","protected":false},"author":2,"featured_media":1409,"comment_status":"open","ping_status":"open","sticky":false,"template":"","format":"standard","meta":{"footnotes":""},"categories":[14],"tags":[],"class_list":["post-1408","post","type-post","status-publish","format-standard","has-post-thumbnail","hentry","category-pais"],"_links":{"self":[{"href":"https:\/\/tvc16.com\/portal\/wp-json\/wp\/v2\/posts\/1408","targetHints":{"allow":["GET"]}}],"collection":[{"href":"https:\/\/tvc16.com\/portal\/wp-json\/wp\/v2\/posts"}],"about":[{"href":"https:\/\/tvc16.com\/portal\/wp-json\/wp\/v2\/types\/post"}],"author":[{"embeddable":true,"href":"https:\/\/tvc16.com\/portal\/wp-json\/wp\/v2\/users\/2"}],"replies":[{"embeddable":true,"href":"https:\/\/tvc16.com\/portal\/wp-json\/wp\/v2\/comments?post=1408"}],"version-history":[{"count":1,"href":"https:\/\/tvc16.com\/portal\/wp-json\/wp\/v2\/posts\/1408\/revisions"}],"predecessor-version":[{"id":1410,"href":"https:\/\/tvc16.com\/portal\/wp-json\/wp\/v2\/posts\/1408\/revisions\/1410"}],"wp:featuredmedia":[{"embeddable":true,"href":"https:\/\/tvc16.com\/portal\/wp-json\/wp\/v2\/media\/1409"}],"wp:attachment":[{"href":"https:\/\/tvc16.com\/portal\/wp-json\/wp\/v2\/media?parent=1408"}],"wp:term":[{"taxonomy":"category","embeddable":true,"href":"https:\/\/tvc16.com\/portal\/wp-json\/wp\/v2\/categories?post=1408"},{"taxonomy":"post_tag","embeddable":true,"href":"https:\/\/tvc16.com\/portal\/wp-json\/wp\/v2\/tags?post=1408"}],"curies":[{"name":"wp","href":"https:\/\/api.w.org\/{rel}","templated":true}]}}