{"id":14083,"date":"2021-05-07T17:20:30","date_gmt":"2021-05-07T20:20:30","guid":{"rendered":"https:\/\/tvc16.com\/portal\/?p=14083"},"modified":"2021-05-07T17:20:32","modified_gmt":"2021-05-07T20:20:32","slug":"maio-amarelo-acontece-por-meio-de-plataformas-digitais-em-petropolis","status":"publish","type":"post","link":"https:\/\/tvc16.com\/portal\/2021\/05\/07\/maio-amarelo-acontece-por-meio-de-plataformas-digitais-em-petropolis\/","title":{"rendered":"Maio Amarelo acontece por meio de plataformas digitais em Petr\u00f3polis"},"content":{"rendered":"\n<p>Com o tema \u201cRespeito e Responsabilidade: pratique no tr\u00e2nsito\u201d a campanha nacional de conscientiza\u00e7\u00e3o sobre seguran\u00e7a no tr\u00e2nsito e redu\u00e7\u00e3o do n\u00famero de acidentes ser\u00e1 desenvolvida, em Petr\u00f3polis, principalmente por meio da internet. A Companhia Petropolitana de Tr\u00e2nsito e Transportes (CPTrans) definiu o cancelamento de grande parte da programa\u00e7\u00e3o presencial devido a pandemia do coronav\u00edrus.<\/p>\n\n\n\n<p>Apenas uma a\u00e7\u00e3o, em parceria com o Servi\u00e7o Social do Transporte e o Servi\u00e7o Nacional de Aprendizagem do Transporte (Sest e Senat), est\u00e1 acontecendo nos terminais de \u00f4nibus da cidade. Rodovi\u00e1rios recebem orienta\u00e7\u00e3o sobre temas como legisla\u00e7\u00e3o, dire\u00e7\u00e3o defensiva e condu\u00e7\u00e3o segura.<\/p>\n\n\n\n<p>\u201cTrabalhamos por um tr\u00e2nsito mais seguro e entendemos a import\u00e2ncia dessa campanha. Por isso decidimos adapt\u00e1-la para o formato online. Desta forma, estamos garantindo que a mensagem de respeito \u00e0s regras e maior conscientiza\u00e7\u00e3o chegue aos petropolitanos, sejam eles pedestres ou motoristas\u201d, disse o prefeito interino Hingo Hammes.<\/p>\n\n\n\n<p>Segundo o presidente da CPTrans, Luciano Moreira, em virtude da pandemia, este anon\u00e3o ser\u00e3o realizadas programa\u00e7\u00f5es como palestras nas escolas, distribui\u00e7\u00e3o de folheteria com material educativo e la\u00e7o amarelo, assim como a pr\u00f3pria Confer\u00eancia Municipal de Tr\u00e2nsito e Transporte. \u201cEstaremos refor\u00e7ando a campanha em todas as plataformas digitais da Prefeitura e da pr\u00f3pria companhia. \u00c9 essencial que o cidad\u00e3o esteja consciente de seu papel para a garantia de um tr\u00e2nsito mais seguro\u201d, frisa o presidente da companhia.<\/p>\n\n\n\n<p>Este ano, a companhia ainda n\u00e3o finalizou o Anu\u00e1rio Estat\u00edstico de Acidentes de Tr\u00e2nsito, que dever\u00e1 ser apresentado nos pr\u00f3ximos meses. Os dados compar\u00e1veis acabam ficando prejudicados, em virtude da diminui\u00e7\u00e3o dos ve\u00edculos em circula\u00e7\u00e3o nas ruas no ano passado.<\/p>\n\n\n\n<p>O \u00faltimo anu\u00e1rio foi lan\u00e7ado em 2020, e traz dados estat\u00edsticos de 2015 a 2019, quando merece destaque o aumento do n\u00famero de acidentes envolvendo motocicletas, que representaram 58,8% dos gastos com interna\u00e7\u00f5es de v\u00edtimas de acidente de tr\u00e2nsito, apesar de representarem 29% da frota nacional de ve\u00edculos automotores. Em 2019, foram coletados 1.951 registros de acidentes nas vias p\u00fablicas do munic\u00edpio, segundo dados dos \u00f3rg\u00e3os oficiais: Pol\u00edcia Militar, Corpo de Bombeiros, Samu e Pol\u00edcia Rodovi\u00e1ria Federal. Destes, h\u00e1 um predom\u00ednio de v\u00edtimas na faixa et\u00e1ria entre 21 e 30 anos.<\/p>\n\n\n\n<p>A campanha de conscientiza\u00e7\u00e3o Maio Amarelo foi institu\u00edda em 2014 com o objetivo de promover uma a\u00e7\u00e3o integrada entre o poder p\u00fablico, iniciativa privada e sociedade civil com tema focado na redu\u00e7\u00e3o de acidentes e, consequentemente, mortes no tr\u00e2nsito. \u201cA ideia \u00e9 chamar a aten\u00e7\u00e3o sobre como a intoler\u00e2ncia e estresse que incidem no comportamento das pessoas que est\u00e3o ao volante\u201d, explica Luciano Moreira.<\/p>\n","protected":false},"excerpt":{"rendered":"<p>Com o tema \u201cRespeito e Responsabilidade: pratique no tr\u00e2nsito\u201d a campanha nacional de conscientiza\u00e7\u00e3o sobre<\/p>\n","protected":false},"author":2,"featured_media":14084,"comment_status":"open","ping_status":"open","sticky":false,"template":"","format":"standard","meta":{"footnotes":""},"categories":[12],"tags":[],"class_list":["post-14083","post","type-post","status-publish","format-standard","has-post-thumbnail","hentry","category-cidade"],"_links":{"self":[{"href":"https:\/\/tvc16.com\/portal\/wp-json\/wp\/v2\/posts\/14083","targetHints":{"allow":["GET"]}}],"collection":[{"href":"https:\/\/tvc16.com\/portal\/wp-json\/wp\/v2\/posts"}],"about":[{"href":"https:\/\/tvc16.com\/portal\/wp-json\/wp\/v2\/types\/post"}],"author":[{"embeddable":true,"href":"https:\/\/tvc16.com\/portal\/wp-json\/wp\/v2\/users\/2"}],"replies":[{"embeddable":true,"href":"https:\/\/tvc16.com\/portal\/wp-json\/wp\/v2\/comments?post=14083"}],"version-history":[{"count":1,"href":"https:\/\/tvc16.com\/portal\/wp-json\/wp\/v2\/posts\/14083\/revisions"}],"predecessor-version":[{"id":14085,"href":"https:\/\/tvc16.com\/portal\/wp-json\/wp\/v2\/posts\/14083\/revisions\/14085"}],"wp:featuredmedia":[{"embeddable":true,"href":"https:\/\/tvc16.com\/portal\/wp-json\/wp\/v2\/media\/14084"}],"wp:attachment":[{"href":"https:\/\/tvc16.com\/portal\/wp-json\/wp\/v2\/media?parent=14083"}],"wp:term":[{"taxonomy":"category","embeddable":true,"href":"https:\/\/tvc16.com\/portal\/wp-json\/wp\/v2\/categories?post=14083"},{"taxonomy":"post_tag","embeddable":true,"href":"https:\/\/tvc16.com\/portal\/wp-json\/wp\/v2\/tags?post=14083"}],"curies":[{"name":"wp","href":"https:\/\/api.w.org\/{rel}","templated":true}]}}