{"id":14093,"date":"2021-05-07T17:27:50","date_gmt":"2021-05-07T20:27:50","guid":{"rendered":"https:\/\/tvc16.com\/portal\/?p=14093"},"modified":"2021-05-07T17:27:52","modified_gmt":"2021-05-07T20:27:52","slug":"pmp-fara-planejamento-para-reforma-no-pronto-socorro-leonidas-sampaio","status":"publish","type":"post","link":"https:\/\/tvc16.com\/portal\/2021\/05\/07\/pmp-fara-planejamento-para-reforma-no-pronto-socorro-leonidas-sampaio\/","title":{"rendered":"PMP far\u00e1 planejamento para reforma no Pronto Socorro Le\u00f4nidas Sampaio"},"content":{"rendered":"\n<p>Prefeito e Secret\u00e1rio de Sa\u00fade vistoriam a unidade na tarde desta quinta (06.05)<\/p>\n\n\n\n<p>O prefeito interino Hingo Hammes e o secret\u00e1rio de Sa\u00fade Aloisio Barbosa da Silva Filho vistoriaram na tarde de quinta-feira (06\/05) o Pronto Socorro Le\u00f4nidas Sampaio (Pronto Socorro do Alto da Serra) \u2013 unidade que presta atendimento de urg\u00eancia e emerg\u00eancia na regi\u00e3o. Prefeito e secret\u00e1rio conversaram com funcion\u00e1rios da unidade sobre melhorias que podem ser implementadas na unidade. A Secretaria de Sa\u00fade far\u00e1 um planejamento para melhorias e reforma na unidade. Por dia, o PSLS presta em m\u00e9dia 100 atendimentos de emerg\u00eancia para pacientes adultos e 30 em pediatria.<\/p>\n\n\n\n<p>\u201c\u00c9 importante estarmos dentro das unidades de sa\u00fade, acompanhando de perto o atendimento e avaliando as condi\u00e7\u00f5es de funcionamento das unidades para verificar o que pode ser feito para melhorar a estrutura para funcion\u00e1rios e pacientes. O PSLS \u00e9 uma unidade importante dentro do sistema de Sa\u00fade da cidade, sobretudo para os moradores da regi\u00e3o do Alto da Serra\u201d, destaca o prefeito interino Hingo Hammes.&nbsp;<\/p>\n\n\n\n<p>O Pronto Socorro Le\u00f4nidas Sampaio presta atendimento de urg\u00eancia de emerg\u00eancia adulto e infantil 24 horas. A unidade conta com laborat\u00f3rio e equipamentos para raio-x e eletrocardiograma. O PSLS tem sete leitos para interna\u00e7\u00e3o de pacientes cl\u00ednicos e uma sala vermelha com leito de UTI. A unidade conta com duas ambul\u00e2ncias, sendo uma delas UTI-m\u00f3vel.<\/p>\n\n\n\n<p>\u201cA equipe do Pronto Socorro do Alto da Serra presta um servi\u00e7o important\u00edssimo para os moradores desta regi\u00e3o e para o sistema de sa\u00fade da cidade. Este acompanhamento nas unidades \u00e9 importante para verificamos as condi\u00e7\u00f5es de casa unidade e ouvimos as demandas, que s\u00e3o espec\u00edficas em cada unidade de sa\u00fade. A Secretaria far\u00e1 um planejamento para identificar que melhorias podem ser feitas no PSLS e tamb\u00e9m para a reforma da unidade\u201d, explica o secret\u00e1rio de Sa\u00fade, Aloisio Barbosa da Silva Filho.<\/p>\n","protected":false},"excerpt":{"rendered":"<p>Prefeito e Secret\u00e1rio de Sa\u00fade vistoriam a unidade na tarde desta quinta (06.05) O prefeito<\/p>\n","protected":false},"author":2,"featured_media":14094,"comment_status":"open","ping_status":"open","sticky":false,"template":"","format":"standard","meta":{"footnotes":""},"categories":[12],"tags":[],"class_list":["post-14093","post","type-post","status-publish","format-standard","has-post-thumbnail","hentry","category-cidade"],"_links":{"self":[{"href":"https:\/\/tvc16.com\/portal\/wp-json\/wp\/v2\/posts\/14093","targetHints":{"allow":["GET"]}}],"collection":[{"href":"https:\/\/tvc16.com\/portal\/wp-json\/wp\/v2\/posts"}],"about":[{"href":"https:\/\/tvc16.com\/portal\/wp-json\/wp\/v2\/types\/post"}],"author":[{"embeddable":true,"href":"https:\/\/tvc16.com\/portal\/wp-json\/wp\/v2\/users\/2"}],"replies":[{"embeddable":true,"href":"https:\/\/tvc16.com\/portal\/wp-json\/wp\/v2\/comments?post=14093"}],"version-history":[{"count":1,"href":"https:\/\/tvc16.com\/portal\/wp-json\/wp\/v2\/posts\/14093\/revisions"}],"predecessor-version":[{"id":14095,"href":"https:\/\/tvc16.com\/portal\/wp-json\/wp\/v2\/posts\/14093\/revisions\/14095"}],"wp:featuredmedia":[{"embeddable":true,"href":"https:\/\/tvc16.com\/portal\/wp-json\/wp\/v2\/media\/14094"}],"wp:attachment":[{"href":"https:\/\/tvc16.com\/portal\/wp-json\/wp\/v2\/media?parent=14093"}],"wp:term":[{"taxonomy":"category","embeddable":true,"href":"https:\/\/tvc16.com\/portal\/wp-json\/wp\/v2\/categories?post=14093"},{"taxonomy":"post_tag","embeddable":true,"href":"https:\/\/tvc16.com\/portal\/wp-json\/wp\/v2\/tags?post=14093"}],"curies":[{"name":"wp","href":"https:\/\/api.w.org\/{rel}","templated":true}]}}