{"id":14096,"date":"2021-05-07T17:29:31","date_gmt":"2021-05-07T20:29:31","guid":{"rendered":"https:\/\/tvc16.com\/portal\/?p=14096"},"modified":"2021-05-07T17:29:33","modified_gmt":"2021-05-07T20:29:33","slug":"pessoas-com-autismo-tambem-poderao-tomar-a-vacina-contra-a-covid-19-em-petropolis-a-partir-deste-sabado-8","status":"publish","type":"post","link":"https:\/\/tvc16.com\/portal\/2021\/05\/07\/pessoas-com-autismo-tambem-poderao-tomar-a-vacina-contra-a-covid-19-em-petropolis-a-partir-deste-sabado-8\/","title":{"rendered":"Pessoas com autismo tamb\u00e9m poder\u00e3o tomar a vacina contra a covid-19 em Petr\u00f3polis a partir deste s\u00e1bado (8)"},"content":{"rendered":"\n<p>\u00c9 necess\u00e1rio fazer o cadastramento previamente no site da Prefeitura e comparecer ao posto de vacina\u00e7\u00e3o na data agendada<\/p>\n\n\n\n<p>Pessoas com autismo maiores de 18 anos tamb\u00e9m poder\u00e3o tomar a vacina contra a covid-19 a partir deste s\u00e1bado (8) em Petr\u00f3polis. O cadastramento deste p\u00fablico deve ser feito no site da Prefeitura (www.petropolis.rj.gov.br), no link \u201cCadastro Vacina\u00e7\u00e3o Covid-19\u201d. Durante a semana a Prefeitura j\u00e1 havia anunciado o cadastramento tamb\u00e9m de pessoas com s\u00edndrome de down e pacientes renais cr\u00f4nicos em di\u00e1lise, assim como pessoas com comorbidades (relacionadas no Plano Nacional de Imuniza\u00e7\u00e3o) maiores de 58 anos. Todos precisam fazer o agendamento e come\u00e7am a ser vacinados tamb\u00e9m no dia 8.<\/p>\n\n\n\n<p>\u201cEstamos avan\u00e7ando com a vacina\u00e7\u00e3o com planejamento e responsabilidade, conforme a chegada de doses\u201d, detalhou o prefeito interino Hingo Hammes, lembrando que na cidade n\u00e3o houve suspens\u00e3o do trabalho em fun\u00e7\u00e3o da falta de doses, como ocorreu em outros munic\u00edpios.<\/p>\n\n\n\n<p>Para fazer o cadastro basta acessar o site da Prefeitura de Petr\u00f3polis e clicar no link da vacina\u00e7\u00e3o contra a covid-19. Em seguida, basta seguir o passo a passo, at\u00e9 a conclus\u00e3o do agendamento.<\/p>\n\n\n\n<p>Hoje s\u00e3o 10 os postos de vacina\u00e7\u00e3o em funcionamento na cidade: no Petropolitano Futebol Clube, na Rua Roberto Silveira (Centro);&nbsp; Clube Palmeira (Itamarati), Casa de Portugal (Quitandinha), Escola Municipal Josemar Contage (Corr\u00eaas), e ainda em sistema drive thru no campus da UCP Benjamim Constant&nbsp; (Centro); \u00e1rea externa do gin\u00e1sio da UCP, no Bingen;&nbsp; Parque Municipal em Itaipava; e&nbsp; G1 do Hipershopping, no Alto da Serra. Todos funcionam das 9h \u00e0s 16h. A vacina\u00e7\u00e3o tamb\u00e9m est\u00e1 dispon\u00edvel no antigo PSF da Posse, com hor\u00e1rio diferenciado, das 10h \u00e0s 15h.<\/p>\n\n\n\n<p>Em caso de d\u00favidas sobre comorbidades ou acesso diretamente ao cadastro de vacina\u00e7\u00e3o, acesse https:\/\/smspetropolis.net.br\/vacinacaoCOVID.html.<\/p>\n\n\n\n<p>Vacina\u00e7\u00e3o de gestantes e m\u00e3es com rec\u00e9m-nascidos<\/p>\n\n\n\n<p>Na cidade, gestantes e pu\u00e9rperas (m\u00e3es que tiveram beb\u00ea h\u00e1 at\u00e9 60 dias) maiores de 18 anos que t\u00eam algum tipo de comorbidade e residem em Petr\u00f3polis come\u00e7aram a ser vacinadas nesta quinta-feira (6). Para a vacina\u00e7\u00e3o deste p\u00fablico n\u00e3o \u00e9 preciso fazer o agendamento. Basta que as mesmas se apresentem em um dos 10 pontos de vacina\u00e7\u00e3o contra a covid-19 dispon\u00edveis na cidade portando documento de identidade com foto, CPF, comprovante de resid\u00eancia e laudo ou comprovante m\u00e9dico confirmando a gesta\u00e7\u00e3o ou puerp\u00e9rio, bem como o tipo de comorbidade. Tamb\u00e9m \u00e9 importante a apresenta\u00e7\u00e3o do cart\u00e3o de vacina\u00e7\u00e3o.<\/p>\n\n\n\n<p>Secret\u00e1rio municipal de Sa\u00fade, Aloisio Barbosa pede aten\u00e7\u00e3o \u00e0s pessoas que querem tomar a vacina contra a covid-19 mas j\u00e1 se vacinaram ou ir\u00e3o se vacinar tamb\u00e9m contra a gripe (influenza). \u201c\u00c9 necess\u00e1rio respeitar o per\u00edodo de 15 dias entre uma vacina e outra\u201d, alertou.&nbsp;&nbsp;<\/p>\n\n\n\n<p>\u201cIniciamos este trabalho com gestantes e pu\u00e9rperas que t\u00eam comorbidades e, em seguida, vamos vacinar tamb\u00e9m aquelas que n\u00e3o t\u00eam, conforme prev\u00ea o Plano Nacional de Imuniza\u00e7\u00e3o\u201d, informou o prefeito interino Hingo Hammes.<\/p>\n\n\n\n<p>Trabalhadores da Sa\u00fade e idosos<\/p>\n\n\n\n<p>A Secretaria de Sa\u00fade tamb\u00e9m segue a vacina\u00e7\u00e3o de trabalhadores da Sa\u00fade com mais de 40 anos e idosos com mais de 60 anos. Em ambos os casos, tamb\u00e9m \u00e9 preciso fazer o cadastramento no site da Prefeitura.<\/p>\n\n\n\n<p>Foto: Ag\u00eancia Brasil<\/p>\n","protected":false},"excerpt":{"rendered":"<p>\u00c9 necess\u00e1rio fazer o cadastramento previamente no site da Prefeitura e comparecer ao posto de<\/p>\n","protected":false},"author":2,"featured_media":14050,"comment_status":"open","ping_status":"open","sticky":false,"template":"","format":"standard","meta":{"footnotes":""},"categories":[12],"tags":[],"class_list":["post-14096","post","type-post","status-publish","format-standard","has-post-thumbnail","hentry","category-cidade"],"_links":{"self":[{"href":"https:\/\/tvc16.com\/portal\/wp-json\/wp\/v2\/posts\/14096","targetHints":{"allow":["GET"]}}],"collection":[{"href":"https:\/\/tvc16.com\/portal\/wp-json\/wp\/v2\/posts"}],"about":[{"href":"https:\/\/tvc16.com\/portal\/wp-json\/wp\/v2\/types\/post"}],"author":[{"embeddable":true,"href":"https:\/\/tvc16.com\/portal\/wp-json\/wp\/v2\/users\/2"}],"replies":[{"embeddable":true,"href":"https:\/\/tvc16.com\/portal\/wp-json\/wp\/v2\/comments?post=14096"}],"version-history":[{"count":1,"href":"https:\/\/tvc16.com\/portal\/wp-json\/wp\/v2\/posts\/14096\/revisions"}],"predecessor-version":[{"id":14097,"href":"https:\/\/tvc16.com\/portal\/wp-json\/wp\/v2\/posts\/14096\/revisions\/14097"}],"wp:featuredmedia":[{"embeddable":true,"href":"https:\/\/tvc16.com\/portal\/wp-json\/wp\/v2\/media\/14050"}],"wp:attachment":[{"href":"https:\/\/tvc16.com\/portal\/wp-json\/wp\/v2\/media?parent=14096"}],"wp:term":[{"taxonomy":"category","embeddable":true,"href":"https:\/\/tvc16.com\/portal\/wp-json\/wp\/v2\/categories?post=14096"},{"taxonomy":"post_tag","embeddable":true,"href":"https:\/\/tvc16.com\/portal\/wp-json\/wp\/v2\/tags?post=14096"}],"curies":[{"name":"wp","href":"https:\/\/api.w.org\/{rel}","templated":true}]}}