{"id":14098,"date":"2021-05-07T17:30:50","date_gmt":"2021-05-07T20:30:50","guid":{"rendered":"https:\/\/tvc16.com\/portal\/?p=14098"},"modified":"2021-05-07T17:30:52","modified_gmt":"2021-05-07T20:30:52","slug":"prefeitura-inicia-tratamento-novo-na-rede-sus-para-pessoas-com-artrose","status":"publish","type":"post","link":"https:\/\/tvc16.com\/portal\/2021\/05\/07\/prefeitura-inicia-tratamento-novo-na-rede-sus-para-pessoas-com-artrose\/","title":{"rendered":"Prefeitura inicia tratamento novo na rede SUS para pessoas com artrose"},"content":{"rendered":"\n<p>Viscosuplementa\u00e7\u00e3o j\u00e1 \u00e9 utilizada no Centro Municipal de Ortopedia<\/p>\n\n\n\n<p>Melhorar a qualidade de vida de pacientes com artrose nos joelhos. Com este objetivo, a Secretaria de Sa\u00fade est\u00e1 disponibilizando um novo procedimento na rede p\u00fablica de sa\u00fade: a viscosuplementa\u00e7\u00e3o. O procedimento &#8211;&nbsp; feito por meio de uma infiltra\u00e7\u00e3o intra-articular de \u00e1cido hialur\u00f4nico &#8211;&nbsp; come\u00e7ou a ser realizado no Centro Municipal de Ortopedia. Antes o procedimento estava dispon\u00edvel apenas na rede particular. Na tarde de quinta-feira (06.05) o prefeito interino Hingo Hammes e o secret\u00e1rio de Sa\u00fade Aloisio Barbosa da Silva Filho estiveram no CMO acompanhando o novo servi\u00e7o.<\/p>\n\n\n\n<p>\u201c\u00c9 um procedimento novo que estamos trazendo para a rede p\u00fablica e que far\u00e1 muita diferen\u00e7a na vida dos pacientes com artose nos joelhos, sobre tudo os idosos, que muitas vezes ficam com problemas de locomo\u00e7\u00e3o por conta da doen\u00e7a. \u00c9 um procedimento que certamente ir\u00e1 melhorar muito a qualidade de vida destes pacientes\u201d, destaca o prefeito interino Hingo Hammes.<\/p>\n\n\n\n<p>\u201cTive um trauma no joelho por conta de uma pancada e h\u00e1 mais de um ano sentia muitas dores. Isso me atrapalhava muito.&nbsp; Acabei de fazer o procedimento e j\u00e1 senti uma melhora\u201d, contou o paciente Valter Moraes, de 65 anos. \u201cAgora vou poder voltar a dan\u00e7ar um forr\u00f3\u201d, comemorou ainda durante a aplica\u00e7\u00e3o.<\/p>\n\n\n\n<p>&nbsp;\u201c\u00c9 uma terapia moderna, que melhora a mobilidade do paciente, pois reduz a dor e o processo inflamat\u00f3rio. Um tipo de tratamento que faz muita diferen\u00e7a no dia a dia, na melhora da qualidade de vida do paciente\u201d, completa o secret\u00e1rio de Sa\u00fade Alo\u00edsio Barbosa da Silva Filho.<\/p>\n\n\n\n<p>&nbsp;A viscosuplmenta\u00e7\u00e3o \u00e9 uma terapia adjuvante no tratamento de pacientes com quadro inicial ou intermedi\u00e1rio de artrose, que \u00e9 realizado no Centro de Ortopedia pelos especialistas Rodrigo Freitas e S\u00e9rgio Ricardo Neto<\/p>\n\n\n\n<p>\u201cA artrose n\u00e3o tem cura. \u00c9 uma doen\u00e7a que exige tratamento e que muitas vezes compromete muito a mobilidade do paciente, pois ele tem perda de equil\u00edbrio, desenvolve quadro de sinovite (inflama\u00e7\u00e3o) e sofre com dores. H\u00e1 casos graves em que a cirurgia \u00e9 necess\u00e1ria, mas a viscosuplementa\u00e7\u00e3o \u00e9 uma ferramenta importante, sobre tudo nos quadros iniciais e intermedi\u00e1rio, pois ela contribui para que os casos n\u00e3o se agravem\u201d, explica o ortopedista Rodrigo Freitas.<\/p>\n\n\n\n<p>Para ter acesso a terapia, o paciente deve ser encaminhado ao ambulat\u00f3rio de artrose, no Centro Municipal de Ortopedia, onde passa por avalia\u00e7\u00e3o e triagens com os ortopedistas. Neste primeiro momento, a capacidade de 10 procedimentos por semana ser\u00e1 limitada \u00e0 metade (cinco) por conta da pandemia de covid-19.<\/p>\n","protected":false},"excerpt":{"rendered":"<p>Viscosuplementa\u00e7\u00e3o j\u00e1 \u00e9 utilizada no Centro Municipal de Ortopedia Melhorar a qualidade de vida de<\/p>\n","protected":false},"author":2,"featured_media":14099,"comment_status":"open","ping_status":"open","sticky":false,"template":"","format":"standard","meta":{"footnotes":""},"categories":[12],"tags":[],"class_list":["post-14098","post","type-post","status-publish","format-standard","has-post-thumbnail","hentry","category-cidade"],"_links":{"self":[{"href":"https:\/\/tvc16.com\/portal\/wp-json\/wp\/v2\/posts\/14098","targetHints":{"allow":["GET"]}}],"collection":[{"href":"https:\/\/tvc16.com\/portal\/wp-json\/wp\/v2\/posts"}],"about":[{"href":"https:\/\/tvc16.com\/portal\/wp-json\/wp\/v2\/types\/post"}],"author":[{"embeddable":true,"href":"https:\/\/tvc16.com\/portal\/wp-json\/wp\/v2\/users\/2"}],"replies":[{"embeddable":true,"href":"https:\/\/tvc16.com\/portal\/wp-json\/wp\/v2\/comments?post=14098"}],"version-history":[{"count":1,"href":"https:\/\/tvc16.com\/portal\/wp-json\/wp\/v2\/posts\/14098\/revisions"}],"predecessor-version":[{"id":14100,"href":"https:\/\/tvc16.com\/portal\/wp-json\/wp\/v2\/posts\/14098\/revisions\/14100"}],"wp:featuredmedia":[{"embeddable":true,"href":"https:\/\/tvc16.com\/portal\/wp-json\/wp\/v2\/media\/14099"}],"wp:attachment":[{"href":"https:\/\/tvc16.com\/portal\/wp-json\/wp\/v2\/media?parent=14098"}],"wp:term":[{"taxonomy":"category","embeddable":true,"href":"https:\/\/tvc16.com\/portal\/wp-json\/wp\/v2\/categories?post=14098"},{"taxonomy":"post_tag","embeddable":true,"href":"https:\/\/tvc16.com\/portal\/wp-json\/wp\/v2\/tags?post=14098"}],"curies":[{"name":"wp","href":"https:\/\/api.w.org\/{rel}","templated":true}]}}