{"id":14101,"date":"2021-05-07T17:32:05","date_gmt":"2021-05-07T20:32:05","guid":{"rendered":"https:\/\/tvc16.com\/portal\/?p=14101"},"modified":"2021-05-07T17:32:10","modified_gmt":"2021-05-07T20:32:10","slug":"evento-on-line-debate-a-representatividade-da-mulher-negra","status":"publish","type":"post","link":"https:\/\/tvc16.com\/portal\/2021\/05\/07\/evento-on-line-debate-a-representatividade-da-mulher-negra\/","title":{"rendered":"Evento on-line debate a representatividade da mulher negra"},"content":{"rendered":"\n<p>O grupo Afro Serra, com o apoio da prefeitura, promove entre os dias 10 e 16 de maio a terceira edi\u00e7\u00e3o da &#8220;Semana das Pretas Afro Serra&#8221;. A programa\u00e7\u00e3o conta com a participa\u00e7\u00e3o de mulheres negras petropolitanas falando sobre suas conquistas, trabalhos realizados e novos projetos. O evento acontece em alus\u00e3o a assinatura da Lei \u00c1urea \u2013 em 13 de maio \u2013 data para &#8220;refletir e exigir nossos direitos&#8221;, segundo o grupo. A abertura acontece \u00e0s 10h, nas redes sociais do Afro Serra, com a participa\u00e7\u00e3o da produtora cultural Monica Valverde.<\/p>\n\n\n\n<p>&#8220;A Lei \u00c1urea n\u00e3o previa indeniza\u00e7\u00e3o para essas pessoas e sendo assim muitos continuaram escravizados, outros se tornaram moradores de rua ou de corti\u00e7os. Por isso, esse \u00e9 um momento de profunda reflex\u00e3o&#8221;, explica Monica, fundadora do Afro Serra, explicando um pouco mais sobre o evento. &#8220;Vamos falar sobre as conquistas, trabalhos e projetos dessas mulheres&#8221;, conta.<\/p>\n\n\n\n<p>Tamb\u00e9m no dia 13 de maio, acontece a inaugura\u00e7\u00e3o on-line da biblioteca do grupo Afro Serra, chamada Carolina Maria de Jesus. Ela vai funcionar na Casa de Cultura Afro Serra, que fica na Vila S\u00e3o Judas Tadeu, 147, na Mosela, que tamb\u00e9m pertence ao grupo. &#8220;S\u00e3o mais de 40 exemplares, a maioria deles voltado para o p\u00fablico infantil&#8221;, explica Monica.<\/p>\n\n\n\n<p>Neste ano, o evento conta com o apoio da prefeitura, atrav\u00e9s do Instituto Municipal de Cultura (IMC), que ir\u00e1 oferecer uma premia\u00e7\u00e3o para as mulheres negras participantes de todas as edi\u00e7\u00f5es at\u00e9 aqui. &#8220;Essa representativa \u00e9 muito importante para a nossa sociedade. \u00c9 um prazer e orgulho premiar essas mulheres&#8221;, disse Leandro Kronemberger, diretor-presidente do IMC.<\/p>\n\n\n\n<p>PRETAS CONFIRMADAS NO AFRO SERRA:<\/p>\n\n\n\n<p>Andresa de Britto Chaves &#8211; Pedagoga<\/p>\n\n\n\n<p>Claudia Augusta &#8211; Dan\u00e7arina Cigana<\/p>\n\n\n\n<p>Claudia da Concei\u00e7\u00e3o &#8211; Guarda Civil<\/p>\n\n\n\n<p>Erica Souza &#8211; Maquiadora<\/p>\n\n\n\n<p>Fernanda Alcantara &#8211; Aposentada<\/p>\n\n\n\n<p>Helo Silva &#8211; Bacharelando em Direito<\/p>\n\n\n\n<p>Nicole Souza &#8211; Trancista<\/p>\n\n\n\n<p>Wanderl\u00e9ya de Oliveira &#8211; Artista Bailarina<\/p>\n\n\n\n<p>Youtube do Afro Serra:<\/p>\n\n\n\n<figure class=\"wp-block-embed\"><div class=\"wp-block-embed__wrapper\">\nhttps:\/\/www.youtube.com\/channel\/UCL5k9vWSBz-az2b092Pi09g\n<\/div><\/figure>\n\n\n\n<p>Facebook do Afro Serra:<\/p>\n\n\n\n<figure class=\"wp-block-embed\"><div class=\"wp-block-embed__wrapper\">\nhttps:\/\/www.facebook.com\/afroserra\/\n<\/div><\/figure>\n","protected":false},"excerpt":{"rendered":"<p>O grupo Afro Serra, com o apoio da prefeitura, promove entre os dias 10 e<\/p>\n","protected":false},"author":2,"featured_media":14102,"comment_status":"open","ping_status":"open","sticky":false,"template":"","format":"standard","meta":{"footnotes":""},"categories":[12],"tags":[],"class_list":["post-14101","post","type-post","status-publish","format-standard","has-post-thumbnail","hentry","category-cidade"],"_links":{"self":[{"href":"https:\/\/tvc16.com\/portal\/wp-json\/wp\/v2\/posts\/14101","targetHints":{"allow":["GET"]}}],"collection":[{"href":"https:\/\/tvc16.com\/portal\/wp-json\/wp\/v2\/posts"}],"about":[{"href":"https:\/\/tvc16.com\/portal\/wp-json\/wp\/v2\/types\/post"}],"author":[{"embeddable":true,"href":"https:\/\/tvc16.com\/portal\/wp-json\/wp\/v2\/users\/2"}],"replies":[{"embeddable":true,"href":"https:\/\/tvc16.com\/portal\/wp-json\/wp\/v2\/comments?post=14101"}],"version-history":[{"count":1,"href":"https:\/\/tvc16.com\/portal\/wp-json\/wp\/v2\/posts\/14101\/revisions"}],"predecessor-version":[{"id":14103,"href":"https:\/\/tvc16.com\/portal\/wp-json\/wp\/v2\/posts\/14101\/revisions\/14103"}],"wp:featuredmedia":[{"embeddable":true,"href":"https:\/\/tvc16.com\/portal\/wp-json\/wp\/v2\/media\/14102"}],"wp:attachment":[{"href":"https:\/\/tvc16.com\/portal\/wp-json\/wp\/v2\/media?parent=14101"}],"wp:term":[{"taxonomy":"category","embeddable":true,"href":"https:\/\/tvc16.com\/portal\/wp-json\/wp\/v2\/categories?post=14101"},{"taxonomy":"post_tag","embeddable":true,"href":"https:\/\/tvc16.com\/portal\/wp-json\/wp\/v2\/tags?post=14101"}],"curies":[{"name":"wp","href":"https:\/\/api.w.org\/{rel}","templated":true}]}}