{"id":14105,"date":"2021-05-07T17:33:37","date_gmt":"2021-05-07T20:33:37","guid":{"rendered":"https:\/\/tvc16.com\/portal\/?p=14105"},"modified":"2021-05-07T17:34:16","modified_gmt":"2021-05-07T20:34:16","slug":"campanha-de-adocao-de-animais-e-adiada-em-razao-da-chuva","status":"publish","type":"post","link":"https:\/\/tvc16.com\/portal\/2021\/05\/07\/campanha-de-adocao-de-animais-e-adiada-em-razao-da-chuva\/","title":{"rendered":"Campanha de ado\u00e7\u00e3o de animais \u00e9 adiada em raz\u00e3o da chuva"},"content":{"rendered":"\n<p>Em raz\u00e3o da previs\u00e3o de chuva para o pr\u00f3ximo s\u00e1bado (08\/05), a quarta edi\u00e7\u00e3o da campanha de ado\u00e7\u00e3o de animais promovida pela Coordenadoria de Bem-estar Animal (Cobea) foi transferida para o dia 15 de maio, de 10h \u00e0s 15h, na Pra\u00e7a Dom Pedro.<\/p>\n\n\n\n<p>Segundo o coordenador de Bem-estar Animal, Jo\u00e3o Valois, o objetivo da campanha \u00e9 estimular a posse respons\u00e1vel com a frase, \u201cN\u00e3o compre, adote\u201d. Em cada edi\u00e7\u00e3o s\u00e3o disponibilizadas barracas para os protetores \u2013 estes dever\u00e3o estar cadastrados na Cobea para serem inclu\u00eddos no cronograma \u2013 e apoiadores do evento. As ONG\u2019s participantes s\u00e3o: Dog\u2019s Heaven (@dogsheaven), Prote\u00e7\u00e3o C\u00e3o Amor (@protecaocaoamor) e GAPA Itaipava (@gapaitaipva.ong). A loja de ra\u00e7\u00e3o Rospauth \u00e9 uma das apoiadoras do evento.<\/p>\n\n\n\n<p>Desde a primeira etapa, que aconteceu na segunda semana de fevereiro, 22 \u201cpets\u201d \u2013 18 c\u00e3es e quatro gatos &#8211; foram acolhidos por novas fam\u00edlias. Todos os animais (filhotes e adultos) levados pelos protetores ou pela Coordenadoria \u00e0 feira est\u00e3o vacinados, vermifugados e castrados.<\/p>\n\n\n\n<p>O processo de ado\u00e7\u00e3o \u00e9 simples e r\u00e1pido. O interessado precisa apenas apresentar seus documentos de identidade e CPF, comprovante de resid\u00eancia, al\u00e9m de ser maior de 18 anos.<\/p>\n\n\n\n<p>Os protetores interessados em participar das pr\u00f3ximas feiras podem fazer contato com a Cobea atrav\u00e9s do telefone: (24) 2291-1505, ou por e-mail: ceaicobea@petropolis.rj.gov.br.<\/p>\n","protected":false},"excerpt":{"rendered":"<p>Em raz\u00e3o da previs\u00e3o de chuva para o pr\u00f3ximo s\u00e1bado (08\/05), a quarta edi\u00e7\u00e3o da<\/p>\n","protected":false},"author":2,"featured_media":13925,"comment_status":"open","ping_status":"open","sticky":false,"template":"","format":"standard","meta":{"footnotes":""},"categories":[12],"tags":[],"class_list":["post-14105","post","type-post","status-publish","format-standard","has-post-thumbnail","hentry","category-cidade"],"_links":{"self":[{"href":"https:\/\/tvc16.com\/portal\/wp-json\/wp\/v2\/posts\/14105","targetHints":{"allow":["GET"]}}],"collection":[{"href":"https:\/\/tvc16.com\/portal\/wp-json\/wp\/v2\/posts"}],"about":[{"href":"https:\/\/tvc16.com\/portal\/wp-json\/wp\/v2\/types\/post"}],"author":[{"embeddable":true,"href":"https:\/\/tvc16.com\/portal\/wp-json\/wp\/v2\/users\/2"}],"replies":[{"embeddable":true,"href":"https:\/\/tvc16.com\/portal\/wp-json\/wp\/v2\/comments?post=14105"}],"version-history":[{"count":1,"href":"https:\/\/tvc16.com\/portal\/wp-json\/wp\/v2\/posts\/14105\/revisions"}],"predecessor-version":[{"id":14106,"href":"https:\/\/tvc16.com\/portal\/wp-json\/wp\/v2\/posts\/14105\/revisions\/14106"}],"wp:featuredmedia":[{"embeddable":true,"href":"https:\/\/tvc16.com\/portal\/wp-json\/wp\/v2\/media\/13925"}],"wp:attachment":[{"href":"https:\/\/tvc16.com\/portal\/wp-json\/wp\/v2\/media?parent=14105"}],"wp:term":[{"taxonomy":"category","embeddable":true,"href":"https:\/\/tvc16.com\/portal\/wp-json\/wp\/v2\/categories?post=14105"},{"taxonomy":"post_tag","embeddable":true,"href":"https:\/\/tvc16.com\/portal\/wp-json\/wp\/v2\/tags?post=14105"}],"curies":[{"name":"wp","href":"https:\/\/api.w.org\/{rel}","templated":true}]}}