{"id":14107,"date":"2021-05-07T17:58:22","date_gmt":"2021-05-07T20:58:22","guid":{"rendered":"https:\/\/tvc16.com\/portal\/?p=14107"},"modified":"2021-05-07T17:58:25","modified_gmt":"2021-05-07T20:58:25","slug":"relogio-das-flores-e-reinaugurado-em-petropolis","status":"publish","type":"post","link":"https:\/\/tvc16.com\/portal\/2021\/05\/07\/relogio-das-flores-e-reinaugurado-em-petropolis\/","title":{"rendered":"Rel\u00f3gio das Flores \u00e9 reinaugurado em Petr\u00f3polis"},"content":{"rendered":"\n<p>Na manh\u00e3 desta sexta-feira, o Rel\u00f3gio das Flores, na Rua Amazonas, no Centro, foi devolvido aos petropolitanos, visitantes e turistas. Na reinaugura\u00e7\u00e3o sete homenagens foram feitas, (duas in memorian), uma delas foi para o fotografo Andr\u00e9 de Carvalho, filho do jornalista Silvio de Carvalho, que era o secret\u00e1rio de Turismo\u00a0quando o rel\u00f3gio foi inaugurado, e outra para o diretor da TV Cidade de Petr\u00f3polis, Marcos Falconi, que foi um dos respons\u00e1veis por devolver o funcionamento do monumento, e que infelizmente faleceu este ano.<\/p>\n\n\n\n<p>A cerim\u00f4nia homenageou tamb\u00e9m o empres\u00e1rio Vin\u00edcius Barbosa, a Universidade Cat\u00f3lica de Petr\u00f3polis e representantes das empresas Chocolates Katz, Museu de Cera, Museu de Porcelana e Restaurante Paladar, que apoiaram a recupera\u00e7\u00e3o do atrativo.<\/p>\n\n\n\n<p>Para o prefeito interino Hingo Hammes, o Rel\u00f3gio das Flores \u00e9 um ponto tur\u00edstico nobre da cidade. \u201cLutamos muito por esta reforma e fizemos da melhor maneira poss\u00edvel, para que ela perdure por muito tempo. Ainda aproveitamos para isolar as vagas que existiam em frente ao rel\u00f3gio, e dessa forma as pessoas poder\u00e3o tirar fotos melhores e com mais tranquilidade. Ficou ainda mais bonito e agora visitantes, turistas e petropolitanos poder\u00e3o continuar divulgando mais esta beleza de Petr\u00f3polis\u201d, disse.<\/p>\n\n\n\n<p>Para o secret\u00e1rio de Turismo Samir El Ghaoui, o atrativo \u00e9 muito importante para a cidade. \u201c\u00c9 uma satisfa\u00e7\u00e3o enorme poder fazer parte dessa reinaugura\u00e7\u00e3o. Este evento tem ainda mais representatividade devido ao Dia Nacional do Turismo, celebrado neste s\u00e1bado (08). Poder entregar o rel\u00f3gio em pleno funcionamento depois de tantos anos parado \u00e9 incr\u00edvel\u201d, afirmou.<\/p>\n\n\n\n<p>O Rel\u00f3gio das Flores foi Inaugurado em 1972, em comemora\u00e7\u00e3o aos 150 anos da Independ\u00eancia do Brasil. Desde ent\u00e3o petropolitanos, visitantes e turistas fazem fotos no local com a fam\u00edlia, amigos ou at\u00e9 mesmo sozinhos. Al\u00e9m disso, com o advento da Internet o ponto tur\u00edstico se tornou uma m\u00eddia espont\u00e2nea da cidade, e depois de anos sem funcionar, as flores finalmente tiveram o Tic Tac de volta.<\/p>\n","protected":false},"excerpt":{"rendered":"<p>Na manh\u00e3 desta sexta-feira, o Rel\u00f3gio das Flores, na Rua Amazonas, no Centro, foi devolvido<\/p>\n","protected":false},"author":2,"featured_media":14108,"comment_status":"open","ping_status":"open","sticky":false,"template":"","format":"standard","meta":{"footnotes":""},"categories":[12],"tags":[],"class_list":["post-14107","post","type-post","status-publish","format-standard","has-post-thumbnail","hentry","category-cidade"],"_links":{"self":[{"href":"https:\/\/tvc16.com\/portal\/wp-json\/wp\/v2\/posts\/14107","targetHints":{"allow":["GET"]}}],"collection":[{"href":"https:\/\/tvc16.com\/portal\/wp-json\/wp\/v2\/posts"}],"about":[{"href":"https:\/\/tvc16.com\/portal\/wp-json\/wp\/v2\/types\/post"}],"author":[{"embeddable":true,"href":"https:\/\/tvc16.com\/portal\/wp-json\/wp\/v2\/users\/2"}],"replies":[{"embeddable":true,"href":"https:\/\/tvc16.com\/portal\/wp-json\/wp\/v2\/comments?post=14107"}],"version-history":[{"count":1,"href":"https:\/\/tvc16.com\/portal\/wp-json\/wp\/v2\/posts\/14107\/revisions"}],"predecessor-version":[{"id":14109,"href":"https:\/\/tvc16.com\/portal\/wp-json\/wp\/v2\/posts\/14107\/revisions\/14109"}],"wp:featuredmedia":[{"embeddable":true,"href":"https:\/\/tvc16.com\/portal\/wp-json\/wp\/v2\/media\/14108"}],"wp:attachment":[{"href":"https:\/\/tvc16.com\/portal\/wp-json\/wp\/v2\/media?parent=14107"}],"wp:term":[{"taxonomy":"category","embeddable":true,"href":"https:\/\/tvc16.com\/portal\/wp-json\/wp\/v2\/categories?post=14107"},{"taxonomy":"post_tag","embeddable":true,"href":"https:\/\/tvc16.com\/portal\/wp-json\/wp\/v2\/tags?post=14107"}],"curies":[{"name":"wp","href":"https:\/\/api.w.org\/{rel}","templated":true}]}}