{"id":1411,"date":"2020-09-28T13:11:52","date_gmt":"2020-09-28T13:11:52","guid":{"rendered":"https:\/\/tvc16.com\/portal\/?p=1411"},"modified":"2020-09-28T13:11:52","modified_gmt":"2020-09-28T13:11:52","slug":"brasil-confirma-14-318-casos-de-covid-19-nas-ultimas-24-horas","status":"publish","type":"post","link":"https:\/\/tvc16.com\/portal\/2020\/09\/28\/brasil-confirma-14-318-casos-de-covid-19-nas-ultimas-24-horas\/","title":{"rendered":"Brasil confirma 14.318 casos de covid-19 nas \u00faltimas 24 horas"},"content":{"rendered":"\n<p>No mesmo per\u00edodo, foram confirmadas mais 335 mortes<\/p>\n\n\n\n<p>Nas \u00faltimas 24 horas, o Brasil confirmou mais&nbsp;14.318&nbsp;casos de pessoas infectadas pelo novo coronav\u00edrus. Na mais recente atualiza\u00e7\u00e3o dos n\u00fameros da doen\u00e7a no pa\u00eds, divulgada no fim da tarde de&nbsp;hoje&nbsp;(27), o Minist\u00e9rio da Sa\u00fade tamb\u00e9m acrescentou&nbsp;335&nbsp;mortes ao total de \u00f3bitos em decorr\u00eancia da covid-19.<img decoding=\"async\" src=\"https:\/\/agenciabrasil.ebc.com.br\/ebc.png?id=1389097&amp;o=node\"><img decoding=\"async\" src=\"https:\/\/agenciabrasil.ebc.com.br\/ebc.gif?id=1389097&amp;o=node\"><\/p>\n\n\n\n<p>S\u00f3 no Brasil, a doen\u00e7a j\u00e1 tirou a vida de 141.741 pessoas. Entre o fim de fevereiro, quando o primeiro caso foi confirmado no pa\u00eds, e as 17h30 de&nbsp;hoje, 4.732.309 pessoas foram&nbsp;diagnosticadas com&nbsp;o novo coronav\u00edrus.<\/p>\n\n\n\n<p>O n\u00famero de&nbsp;pacientes que se&nbsp;recuperaram&nbsp;chega a&nbsp;4.060.088, o que corresponde a quase 86% do total de pessoas infectadas&nbsp;\u2013&nbsp;530.480 pacientes&nbsp;continuam em acompanhamento m\u00e9dico.<\/p>\n\n\n\n<p>Autoridades de sa\u00fade estaduais ainda investigam se&nbsp;2.511&nbsp;mortes suspeitas ocorreram em fun\u00e7\u00e3o da covid-19.&nbsp;At\u00e9&nbsp;ontem&nbsp;(26), havia&nbsp;2.430&nbsp;em apura\u00e7\u00e3o.<\/p>\n\n\n\n<p>Segundo o minist\u00e9rio, a taxa de letalidade da doen\u00e7a em rela\u00e7\u00e3o \u00e0 popula\u00e7\u00e3o geral \u00e9 de 3%. Ou seja, em cada 100 pessoas que adoecerem, tr\u00eas t\u00eam chances de morrer devido \u00e0s complica\u00e7\u00f5es da covid-19.<\/p>\n\n\n\n<p>Uma s\u00e9rie de fatores pode contribuir para que o quadro de sa\u00fade de um paciente evolua para um caso grave ou resultar em morte. Idosos e quem tem press\u00e3o alta, doen\u00e7as card\u00edacas, pulmonares, c\u00e2ncer ou diabetes costumam estar mais suscet\u00edveis, devendo redobrar os cuidados.<\/p>\n\n\n\n<p>As informa\u00e7\u00f5es s\u00e3o fornecidas ao Minist\u00e9rio da Sa\u00fade pelas secretarias dos estados. Em geral, o n\u00famero de notifica\u00e7\u00f5es aos s\u00e1bados e domingos tende a ser menor que ao longo da semana devido \u00e0 demora no repasse dos dados.<\/p>\n\n\n\n<figure class=\"wp-block-image\"><img decoding=\"async\" src=\"https:\/\/imagens.ebc.com.br\/hujqEgLaCvJ93447fQ-Nzwos_20=\/754x0\/smart\/https:\/\/agenciabrasil.ebc.com.br\/sites\/default\/files\/thumbnails\/image\/whatsapp_image_2020-09-27_at_18.23.54.jpeg?itok=EVV8kdKN\" alt=\"Situa\u00e7\u00e3o Epidemiol\u00f3gica da COVID-19 no Brasil em 27\/09\/2020\" title=\"Divulga\u00e7\u00e3o\/Minist\u00e9rio da Sa\u00fade\"\/><\/figure>\n\n\n\n<p>Situa\u00e7\u00e3o Epidemiol\u00f3gica da COVID-19 no Brasil em 27\/09\/2020 &#8211;&nbsp;<strong>Divulga\u00e7\u00e3o\/Minist\u00e9rio da Sa\u00fade<\/strong><\/p>\n\n\n\n<h2 class=\"wp-block-heading\">S\u00e3o Paulo<\/h2>\n\n\n\n<p>O estado mais populoso do pa\u00eds, S\u00e3o Paulo, registrou 231 mortes por covid-19 nas \u00faltimas 24 horas, totalizando 35.108 \u00f3bitos e 972.237 casos confirmados desde o in\u00edcio da pandemia do novo coronav\u00edrus. Entre os diagnosticados, 831.468 pessoas se recuperaram, sendo que 106.621 passaram por interna\u00e7\u00e3o at\u00e9 receber a alta hospitalar.<\/p>\n\n\n\n<p>As taxas de ocupa\u00e7\u00e3o dos leitos de Unidades de Terapia Intensiva&nbsp;(UTI) s\u00e3o de 44,4% na Grande S\u00e3o Paulo e 45,6% no estado. O n\u00famero de pacientes internados atualmente \u00e9 de 9.062, sendo 5.089 em enfermaria e 3.973 em UTI. Todos os 645 munic\u00edpios t\u00eam pelo menos uma pessoa infectada, sendo que 567 cidades registram um ou mais \u00f3bitos.<\/p>\n\n\n\n<h2 class=\"wp-block-heading\">Rio de Janeiro<\/h2>\n\n\n\n<p>O&nbsp;estado do Rio de Janeiro registra, at\u00e9 hoje,&nbsp;<a href=\"https:\/\/agenciabrasil.ebc.com.br\/geral\/noticia\/2020-09\/festa-de-casamento-com-100-convidados-e-interrompida-no-rio\" target=\"_blank\" rel=\"noreferrer noopener\">261.860 casos de covid-19<\/a>&nbsp;e 18.278 mortes pela doen\u00e7a. H\u00e1 ainda 514 \u00f3bitos em investiga\u00e7\u00e3o. Entre os casos confirmados, 238.609 pacientes j\u00e1 se recuperaram da doen\u00e7a.<\/p>\n\n\n\n<p>Edi\u00e7\u00e3o: L\u00edlian Beraldo<\/p>\n","protected":false},"excerpt":{"rendered":"<p>No mesmo per\u00edodo, foram confirmadas mais 335 mortes Nas \u00faltimas 24 horas, o Brasil confirmou<\/p>\n","protected":false},"author":2,"featured_media":1412,"comment_status":"open","ping_status":"open","sticky":false,"template":"","format":"standard","meta":{"footnotes":""},"categories":[14],"tags":[],"class_list":["post-1411","post","type-post","status-publish","format-standard","has-post-thumbnail","hentry","category-pais"],"_links":{"self":[{"href":"https:\/\/tvc16.com\/portal\/wp-json\/wp\/v2\/posts\/1411","targetHints":{"allow":["GET"]}}],"collection":[{"href":"https:\/\/tvc16.com\/portal\/wp-json\/wp\/v2\/posts"}],"about":[{"href":"https:\/\/tvc16.com\/portal\/wp-json\/wp\/v2\/types\/post"}],"author":[{"embeddable":true,"href":"https:\/\/tvc16.com\/portal\/wp-json\/wp\/v2\/users\/2"}],"replies":[{"embeddable":true,"href":"https:\/\/tvc16.com\/portal\/wp-json\/wp\/v2\/comments?post=1411"}],"version-history":[{"count":1,"href":"https:\/\/tvc16.com\/portal\/wp-json\/wp\/v2\/posts\/1411\/revisions"}],"predecessor-version":[{"id":1413,"href":"https:\/\/tvc16.com\/portal\/wp-json\/wp\/v2\/posts\/1411\/revisions\/1413"}],"wp:featuredmedia":[{"embeddable":true,"href":"https:\/\/tvc16.com\/portal\/wp-json\/wp\/v2\/media\/1412"}],"wp:attachment":[{"href":"https:\/\/tvc16.com\/portal\/wp-json\/wp\/v2\/media?parent=1411"}],"wp:term":[{"taxonomy":"category","embeddable":true,"href":"https:\/\/tvc16.com\/portal\/wp-json\/wp\/v2\/categories?post=1411"},{"taxonomy":"post_tag","embeddable":true,"href":"https:\/\/tvc16.com\/portal\/wp-json\/wp\/v2\/tags?post=1411"}],"curies":[{"name":"wp","href":"https:\/\/api.w.org\/{rel}","templated":true}]}}