{"id":14113,"date":"2021-05-07T18:02:42","date_gmt":"2021-05-07T21:02:42","guid":{"rendered":"https:\/\/tvc16.com\/portal\/?p=14113"},"modified":"2021-05-07T18:02:44","modified_gmt":"2021-05-07T21:02:44","slug":"firjan-e-sesi-promovem-torneio-de-robotica-em-formato-virtual","status":"publish","type":"post","link":"https:\/\/tvc16.com\/portal\/2021\/05\/07\/firjan-e-sesi-promovem-torneio-de-robotica-em-formato-virtual\/","title":{"rendered":"Firjan e Sesi promovem torneio de rob\u00f3tica em formato virtual"},"content":{"rendered":"\n<h3 class=\"wp-block-heading\">Vencedores ser\u00e3o conhecidos amanh\u00e3 e disputar\u00e3o evento nacional<\/h3>\n\n\n\n<ul class=\"wp-block-list\"><li>Por Alana Gandra \u2013 Rep\u00f3rter da Ag\u00eancia Brasil &#8211; Rio de Janeiro<\/li><\/ul>\n\n\n\n<p>Mais de 300 pessoas, entre crian\u00e7as e jovens na faixa et\u00e1ria de 9 a 16 anos, integram as 34 equipes participantes do Torneio Sesi de Rob\u00f3tica, aberto hoje (7), em formato virtual, pela Escola Firjan Sesi. O&nbsp; desafio integra o calend\u00e1rio do Servi\u00e7o Social da Ind\u00fastria Nacional e foi realizado pela primeira vez no ano passado, presencialmente. Neste ano, o evento \u00e9 virtual por causa da pandemia de covid-19.<img decoding=\"async\" src=\"https:\/\/agenciabrasil.ebc.com.br\/ebc.png?id=1409046&amp;o=node\"><img decoding=\"async\" src=\"https:\/\/agenciabrasil.ebc.com.br\/ebc.gif?id=1409046&amp;o=node\"><\/p>\n\n\n\n<p>De acordo com a assessoria de imprensa da Federa\u00e7\u00e3o das Ind\u00fastrias do Estado do Rio de Janeiro (Firjan), a temporada Replay 2020\/2021 do Torneio de Rob\u00f3tica First Lego League (FLL) tem uma pergunta-desafio: &#8220;O que fazer para tornar as pessoas mais ativas na regi\u00e3o onde vivem, seja no campo, na cidade ou em qualquer outro lugar?&#8221;.<\/p>\n\n\n\n<p>O Torneio de Rob\u00f3tica FLL \u00e9 um programa internacional de explora\u00e7\u00e3o cient\u00edfica, no qual crian\u00e7as e jovens usam a imagina\u00e7\u00e3o e a criatividade para investigar problemas do dia a dia, buscando solu\u00e7\u00f5es que contribuam para um mundo melhor.<\/p>\n\n\n\n<h2 class=\"wp-block-heading\">Duas fases<\/h2>\n\n\n\n<p>Segundo a analista da Educa\u00e7\u00e3o B\u00e1sica da Firjan Sesi Simone Caires, a competi\u00e7\u00e3o \u00e9 dividida em duas fases. A primeira, que est\u00e1 sendo realizada nesta sexta-feira, \u00e9 destinada \u00e0 avalia\u00e7\u00e3o de tr\u00eas categorias:&nbsp;<em>core values<\/em>&nbsp;(valoriza\u00e7\u00e3o do trabalho em equipe), projeto de inova\u00e7\u00e3o e<em>&nbsp;design&nbsp;<\/em>do rob\u00f4.<\/p>\n\n\n\n<p>\u201cAmanh\u00e3 [8] ocorrer\u00e3o somente as avalia\u00e7\u00f5es de arena referentes ao desafio do rob\u00f4, e os ju\u00edzes avaliar\u00e3o os&nbsp;<em>rounds<\/em>&nbsp;[etapas]\u201d, informou Simone \u00e0&nbsp;<strong>Ag\u00eancia Brasil<\/strong>.<\/p>\n\n\n\n<p>As equipes t\u00eam direito a tr\u00eas&nbsp;<em>rounds<\/em>&nbsp;de 2 minutos e 30 segundos cada, para execu\u00e7\u00e3o. Para realizar as tarefas, o rob\u00f4 pode navegar, capturar, transportar, ativar ou entregar objetos em uma mesa, sobre um tapete espec\u00edfico da temporada.<\/p>\n\n\n\n<p>Ainda no s\u00e1bado, ser\u00e3o conhecidas as equipes vencedoras, que disputar\u00e3o a etapa nacional do torneio, no dia 26 de junho. A entrega de pr\u00eamios poder\u00e1 ser acompanhada ao vivo, \u00e0s 16h, pelo YouTube da Escola Firjan Sesi. Os ganhadores receber\u00e3o trof\u00e9us e medalhas. No ano passado, foram classificadas quatro equipes para a etapa nacional, sendo uma externa e tr\u00eas da Escola Firjan Sesi.<\/p>\n\n\n\n<p>O torneio de rob\u00f3tica \u00e9 aberto para escolas p\u00fablicas e privadas e para as chamadas equipes garagem, que re\u00fanem amigos que gostam de rob\u00f3tica, al\u00e9m de estudantes da Escola Firjan Sesi, disse Simone. Ela acrescentou que as equipes podem ter de dois a dez adolescentes e at\u00e9 dois t\u00e9cnicos maiores de 18 anos.<\/p>\n\n\n\n<p>Neste torneio, al\u00e9m dos 25 grupos das escolas Firjan Sesi, participam seis equipes de col\u00e9gios particulares, uma de escola p\u00fablica municipal e duas de organiza\u00e7\u00f5es n\u00e3o governamentais (ONGs).<\/p>\n\n\n\n<h2 class=\"wp-block-heading\">Desafios<\/h2>\n\n\n\n<p>Al\u00e9m dos tr\u00eas pr\u00eamios principais, chamados de&nbsp;<em>Champion\u2019s Award<\/em>, as equipes concorrem nas categorias Projeto de Inova\u00e7\u00e3o,&nbsp;<em>Core Values<\/em>,&nbsp;<em>Design&nbsp;<\/em>do Rob\u00f4, Desafio do Rob\u00f4 e, a partir desta temporada, ao Pr\u00eamio do T\u00e9cnico.<\/p>\n\n\n\n<p>Os desafios s\u00e3o diferentes a cada ano. Em 2020, com o tema Cidades Inteligentes, um dos premiados foi o Piso Gerador de Energia, desenvolvido por uma equipe da Escola Sesi Firjan Jacarepagu\u00e1. O prot\u00f3tipo gera energia atrav\u00e9s de uma placa que trabalha quando sofre press\u00e3o. Assim, com as pisadas gerando energia, o projeto contribui ainda para a atividade f\u00edsica das pessoas. \u201cO piso foi considerado a op\u00e7\u00e3o mais vi\u00e1vel, por ter custo menor e poder ser utilizado em qualquer lugar\u201d, explicou a estudante Ana Clara Joaquim, que fez parte da equipe.<\/p>\n\n\n\n<p>Edi\u00e7\u00e3o: N\u00e1dia Franco<\/p>\n","protected":false},"excerpt":{"rendered":"<p>Vencedores ser\u00e3o conhecidos amanh\u00e3 e disputar\u00e3o evento nacional Por Alana Gandra \u2013 Rep\u00f3rter da Ag\u00eancia<\/p>\n","protected":false},"author":2,"featured_media":14114,"comment_status":"open","ping_status":"open","sticky":false,"template":"","format":"standard","meta":{"footnotes":""},"categories":[17],"tags":[],"class_list":["post-14113","post","type-post","status-publish","format-standard","has-post-thumbnail","hentry","category-outras-noticias"],"_links":{"self":[{"href":"https:\/\/tvc16.com\/portal\/wp-json\/wp\/v2\/posts\/14113","targetHints":{"allow":["GET"]}}],"collection":[{"href":"https:\/\/tvc16.com\/portal\/wp-json\/wp\/v2\/posts"}],"about":[{"href":"https:\/\/tvc16.com\/portal\/wp-json\/wp\/v2\/types\/post"}],"author":[{"embeddable":true,"href":"https:\/\/tvc16.com\/portal\/wp-json\/wp\/v2\/users\/2"}],"replies":[{"embeddable":true,"href":"https:\/\/tvc16.com\/portal\/wp-json\/wp\/v2\/comments?post=14113"}],"version-history":[{"count":1,"href":"https:\/\/tvc16.com\/portal\/wp-json\/wp\/v2\/posts\/14113\/revisions"}],"predecessor-version":[{"id":14115,"href":"https:\/\/tvc16.com\/portal\/wp-json\/wp\/v2\/posts\/14113\/revisions\/14115"}],"wp:featuredmedia":[{"embeddable":true,"href":"https:\/\/tvc16.com\/portal\/wp-json\/wp\/v2\/media\/14114"}],"wp:attachment":[{"href":"https:\/\/tvc16.com\/portal\/wp-json\/wp\/v2\/media?parent=14113"}],"wp:term":[{"taxonomy":"category","embeddable":true,"href":"https:\/\/tvc16.com\/portal\/wp-json\/wp\/v2\/categories?post=14113"},{"taxonomy":"post_tag","embeddable":true,"href":"https:\/\/tvc16.com\/portal\/wp-json\/wp\/v2\/tags?post=14113"}],"curies":[{"name":"wp","href":"https:\/\/api.w.org\/{rel}","templated":true}]}}