{"id":14116,"date":"2021-05-07T18:03:27","date_gmt":"2021-05-07T21:03:27","guid":{"rendered":"https:\/\/tvc16.com\/portal\/?p=14116"},"modified":"2021-05-07T18:03:30","modified_gmt":"2021-05-07T21:03:30","slug":"com-estabilizacao-dos-casos-de-covid-19-sp-flexibiliza-quarentena","status":"publish","type":"post","link":"https:\/\/tvc16.com\/portal\/2021\/05\/07\/com-estabilizacao-dos-casos-de-covid-19-sp-flexibiliza-quarentena\/","title":{"rendered":"Com estabiliza\u00e7\u00e3o dos casos de covid-19, SP flexibiliza quarentena"},"content":{"rendered":"\n<h3 class=\"wp-block-heading\">Previs\u00e3o \u00e9 que as novas restri\u00e7\u00f5es fiquem em vigor por duas semanas<\/h3>\n\n\n\n<h4 class=\"wp-block-heading\">Por Daniel Mello &#8211; Rep\u00f3rter da Ag\u00eancia Brasil &#8211; S\u00e3o Paulo<\/h4>\n\n\n\n<p>O governo de S\u00e3o Paulo flexibilizou hoje (7) a quarentena contra o novo coronav\u00edrus no estado, estendendo o hor\u00e1rio de funcionamento das atividades econ\u00f4micas. A partir de amanh\u00e3 (8) o com\u00e9rcio, restaurantes, bares e atividades culturais podem funcionar at\u00e9 as 21h, n\u00e3o somente at\u00e9 as 20h, como estava em vigor. A ocupa\u00e7\u00e3o dos estabelecimentos pode chegar a 30% da capacidade, acima dos 25% que estavam permitidos.<img decoding=\"async\" src=\"https:\/\/agenciabrasil.ebc.com.br\/ebc.png?id=1409050&amp;o=node\"><img decoding=\"async\" src=\"https:\/\/agenciabrasil.ebc.com.br\/ebc.gif?id=1409050&amp;o=node\"><\/p>\n\n\n\n<p>As medidas s\u00e3o altera\u00e7\u00f5es da chamada fase de transi\u00e7\u00e3o do plano do governo estadual de quarentena, adotada h\u00e1 tr\u00eas semanas, e n\u00e3o uma evolu\u00e7\u00e3o para as etapas menos restritivas \u2013 laranja, amarela e verde. A previs\u00e3o \u00e9 que as novas restri\u00e7\u00f5es fiquem em vigor por duas semanas.<\/p>\n\n\n\n<p>Segundo o governador de S\u00e3o Paulo, Jo\u00e3o Doria, a flexibiliza\u00e7\u00e3o foi poss\u00edvel devido a estabiliza\u00e7\u00e3o da pandemia nas \u00faltimas semanas. \u201cHouve uma queda acentuada dos n\u00fameros de interna\u00e7\u00f5es e \u00f3bitos. Os \u00edndices que medem a epidemia estabilizaram, por\u00e9m em um patamar ainda elevado\u201d, justificou durante o an\u00fancio.<\/p>\n\n\n\n<p>O coordenador executivo do centro de conting\u00eancia da covid-19, Jo\u00e3o Gabbardo, destacou que com o novo patamar di\u00e1rio de novas interna\u00e7\u00f5es, hospitais privados e filantr\u00f3picos puderam destinar os leitos reservados aos pacientes com o novo coronav\u00edrus para outras especialidades. Assim, apesar da ocupa\u00e7\u00e3o de leitos ainda ser de 78%, na pr\u00e1tica, ela \u00e9 mais baixa em rela\u00e7\u00e3o a capacidade total do sistema de sa\u00fade.<\/p>\n\n\n\n<p>Em rela\u00e7\u00e3o a capacidade m\u00e1xima, Gabbardo disse que a taxa de ocupa\u00e7\u00e3o de leitos est\u00e1 em 70%, ficando em 62% na Grande S\u00e3o Paulo. \u201cIsso nos d\u00e1 seguran\u00e7a e tranquilidade para que a gente possa avan\u00e7ar gradualmente, lentamente\u201d, explicou.<\/p>\n\n\n\n<h2 class=\"wp-block-heading\">Mortes e interna\u00e7\u00f5es<\/h2>\n\n\n\n<p>Apesar da melhora nos indicadores, o estado de S\u00e3o Paulo se aproxima da marca dos 100 mil mortos pela covid-19. Segundo o balan\u00e7o apresentado hoje, 99.989 pessoas foram vitimadas pela doen\u00e7a. Atualmente, 10 mil pessoas est\u00e3o em unidades de terapia intensiva devido a doen\u00e7a e 11,2 mil internadas em leitos de enfermaria.<\/p>\n\n\n\n<p>Edi\u00e7\u00e3o: Val\u00e9ria Aguiar<\/p>\n","protected":false},"excerpt":{"rendered":"<p>Previs\u00e3o \u00e9 que as novas restri\u00e7\u00f5es fiquem em vigor por duas semanas Por Daniel Mello<\/p>\n","protected":false},"author":2,"featured_media":14117,"comment_status":"open","ping_status":"open","sticky":false,"template":"","format":"standard","meta":{"footnotes":""},"categories":[17],"tags":[],"class_list":["post-14116","post","type-post","status-publish","format-standard","has-post-thumbnail","hentry","category-outras-noticias"],"_links":{"self":[{"href":"https:\/\/tvc16.com\/portal\/wp-json\/wp\/v2\/posts\/14116","targetHints":{"allow":["GET"]}}],"collection":[{"href":"https:\/\/tvc16.com\/portal\/wp-json\/wp\/v2\/posts"}],"about":[{"href":"https:\/\/tvc16.com\/portal\/wp-json\/wp\/v2\/types\/post"}],"author":[{"embeddable":true,"href":"https:\/\/tvc16.com\/portal\/wp-json\/wp\/v2\/users\/2"}],"replies":[{"embeddable":true,"href":"https:\/\/tvc16.com\/portal\/wp-json\/wp\/v2\/comments?post=14116"}],"version-history":[{"count":1,"href":"https:\/\/tvc16.com\/portal\/wp-json\/wp\/v2\/posts\/14116\/revisions"}],"predecessor-version":[{"id":14118,"href":"https:\/\/tvc16.com\/portal\/wp-json\/wp\/v2\/posts\/14116\/revisions\/14118"}],"wp:featuredmedia":[{"embeddable":true,"href":"https:\/\/tvc16.com\/portal\/wp-json\/wp\/v2\/media\/14117"}],"wp:attachment":[{"href":"https:\/\/tvc16.com\/portal\/wp-json\/wp\/v2\/media?parent=14116"}],"wp:term":[{"taxonomy":"category","embeddable":true,"href":"https:\/\/tvc16.com\/portal\/wp-json\/wp\/v2\/categories?post=14116"},{"taxonomy":"post_tag","embeddable":true,"href":"https:\/\/tvc16.com\/portal\/wp-json\/wp\/v2\/tags?post=14116"}],"curies":[{"name":"wp","href":"https:\/\/api.w.org\/{rel}","templated":true}]}}